{"id":33432,"date":"2025-05-23T08:00:22","date_gmt":"2025-05-23T08:00:22","guid":{"rendered":"https:\/\/haberbesiktas.tr\/?p=33432"},"modified":"2025-05-23T08:00:22","modified_gmt":"2025-05-23T08:00:22","slug":"goztepede-taha-forma-hasreti-cekiyor","status":"publish","type":"post","link":"https:\/\/haberbesiktas.tr\/?p=33432","title":{"rendered":"G\u00f6ztepe&#8217;de Taha, forma hasreti \u00e7ekiyor"},"content":{"rendered":"<div>S\u00fcper Lig&#8217;de 7 ma\u00e7t\u0131r galip gelemeyen, ulusal ortaya 37 puanla 7&#8217;nci s\u0131rada giren G\u00f6ztepe&#8217;nin gen\u00e7 stoperi Taha Alt\u0131karde\u015f formaya hasret kald\u0131.<\/p>\n<p> Kadronun en gelecek vadeden oyuncular\u0131 ortas\u0131nda g\u00f6sterilen 21 ya\u015f\u0131ndaki stoper, \u00fcst \u00fcste ya\u015fad\u0131\u011f\u0131 sakatl\u0131klar nedeniyle uzun m\u00fcddet arkada\u015flar\u0131ndan uzak kald\u0131. D\u00f6nemin birinci yar\u0131s\u0131nda Mersin&#8217;de oynanan Hatayspor ma\u00e7\u0131nda y\u00fcz\u00fcne ald\u0131\u011f\u0131 darbeden \u00f6t\u00fcr\u00fc kemikleri k\u0131r\u0131lan ve ameliyat olan Taha, akabinde adale sakatl\u0131\u011f\u0131 da ya\u015fad\u0131.<\/p>\n<p> Son olarak 4 Ocak 2025 tarihinde \u0130stanbul&#8217;da oynanan Galatasaray kar\u015f\u0131la\u015fmas\u0131nda vazife yapan oyuncu, bir daha talih bulamad\u0131. Ge\u00e7en d\u00f6nemden bu yana G\u00f6ztepe&#8217;de g\u00f6sterdi\u011fi ba\u015far\u0131l\u0131 performans\u0131n akabinde Avrupa&#8217;da bir\u00e7ok kul\u00fcb\u00fcn ilgisini \u00e7eken ve U21 Ulusal Grubu&#8217;nda da oynayan Taha&#8217;n\u0131n ulusal ortadan sonra daha fazla baht bulmas\u0131 bekleniyor. Bu d\u00f6nem \u0130zmir tak\u0131m\u0131 ile 15 S\u00fcper Lig ma\u00e7\u0131na \u00e7\u0131kan gen\u00e7 savunmac\u0131 921 dakika alanda kald\u0131. Taha hamleye da katk\u0131lar verip 2 gol att\u0131.<\/p>\n<\/div>\n<p><\/p>\n","protected":false},"excerpt":{"rendered":"<p>Ulusal ortaya 37 puanla 7&#8217;nci s\u0131rada giren G\u00f6ztepe&#8217;nin gen\u00e7 stoperi Taha Alt\u0131karde\u015f, formaya hasret kald\u0131.<\/p>\n","protected":false},"author":1,"featured_media":33433,"comment_status":"open","ping_status":"open","sticky":false,"template":"","format":"standard","meta":{"footnotes":""},"categories":[25],"tags":[],"class_list":["post-33432","post","type-post","status-publish","format-standard","has-post-thumbnail","hentry","category-futbol"],"_links":{"self":[{"href":"https:\/\/haberbesiktas.tr\/index.php?rest_route=\/wp\/v2\/posts\/33432","targetHints":{"allow":["GET"]}}],"collection":[{"href":"https:\/\/haberbesiktas.tr\/index.php?rest_route=\/wp\/v2\/posts"}],"about":[{"href":"https:\/\/haberbesiktas.tr\/index.php?rest_route=\/wp\/v2\/types\/post"}],"author":[{"embeddable":true,"href":"https:\/\/haberbesiktas.tr\/index.php?rest_route=\/wp\/v2\/users\/1"}],"replies":[{"embeddable":true,"href":"https:\/\/haberbesiktas.tr\/index.php?rest_route=%2Fwp%2Fv2%2Fcomments&post=33432"}],"version-history":[{"count":1,"href":"https:\/\/haberbesiktas.tr\/index.php?rest_route=\/wp\/v2\/posts\/33432\/revisions"}],"predecessor-version":[{"id":33434,"href":"https:\/\/haberbesiktas.tr\/index.php?rest_route=\/wp\/v2\/posts\/33432\/revisions\/33434"}],"wp:featuredmedia":[{"embeddable":true,"href":"https:\/\/haberbesiktas.tr\/index.php?rest_route=\/wp\/v2\/media\/33433"}],"wp:attachment":[{"href":"https:\/\/haberbesiktas.tr\/index.php?rest_route=%2Fwp%2Fv2%2Fmedia&parent=33432"}],"wp:term":[{"taxonomy":"category","embeddable":true,"href":"https:\/\/haberbesiktas.tr\/index.php?rest_route=%2Fwp%2Fv2%2Fcategories&post=33432"},{"taxonomy":"post_tag","embeddable":true,"href":"https:\/\/haberbesiktas.tr\/index.php?rest_route=%2Fwp%2Fv2%2Ftags&post=33432"}],"curies":[{"name":"wp","href":"https:\/\/api.w.org\/{rel}","templated":true}]}}