{"id":33435,"date":"2025-05-23T08:12:31","date_gmt":"2025-05-23T08:12:31","guid":{"rendered":"https:\/\/haberbesiktas.tr\/?p=33435"},"modified":"2025-05-23T08:12:31","modified_gmt":"2025-05-23T08:12:31","slug":"edin-dzekodan-sakatlik-paylasimi","status":"publish","type":"post","link":"https:\/\/haberbesiktas.tr\/?p=33435","title":{"rendered":"Edin Dzeko&#8217;dan sakatl\u0131k payla\u015f\u0131m\u0131!"},"content":{"rendered":"<div>Fenerbah\u00e7e&#8217;de forma giyen Edin Dzeko, Instagram hesab\u0131ndan yapt\u0131\u011f\u0131 payla\u015f\u0131mda ya\u015fad\u0131\u011f\u0131 sakatl\u0131\u011f\u0131 g\u00f6zler \u00f6n\u00fcne serdi.<\/p>\n<p> Bosnal\u0131 oyuncu, payla\u015f\u0131m\u0131n\u0131 &#8220;Ya hepsi ya hi\u00e7&#8221; notuyla s\u00f6z etti.<\/p>\n<p><img decoding=\"async\" src=\"https:\/\/haberbesiktas.tr\/wp-content\/uploads\/2025\/05\/edin-dzekodan-sakatlik-paylasimi-0-M6h7ZMgF.jpg\"\/><\/p>\n<p><img decoding=\"async\" src=\"https:\/\/haberbesiktas.tr\/wp-content\/uploads\/2025\/05\/edin-dzekodan-sakatlik-paylasimi-1-L2jhJMEE.jpg\"\/><\/p>\n<p> <strong>NE OLMU\u015eTU?<\/strong><\/p>\n<p> Bosna Hersek, D\u00fcnya Kupas\u0131 Elemeleri&#8217;nde Romanya&#8217;ya konuk oldu. Fenerbah\u00e7e&#8217;nin golc\u00fcs\u00fc Edin Dzeko, ma\u00e7a birinci 11&#8217;de ba\u015flad\u0131.<\/p>\n<p> \u00c7aba 1-0&#8217;l\u0131k Bosna Hersek zaferi ile biterken sar\u0131-lacivertlileri \u00fczen bir geli\u015fme ya\u015fand\u0131. Ald\u0131\u011f\u0131 darbe sonucu burnu k\u0131r\u0131lan ve kan i\u00e7inde kalan deneyimli golc\u00fc, oyundan \u00e7\u0131kmak zorunda kald\u0131.<\/p>\n<p> 39 ya\u015f\u0131ndaki futbolcu, ma\u00e7 sonu B\u00fckre\u015f&#8217;te hastaneye g\u00f6t\u00fcr\u00fcld\u00fc. Bosna Hersek&#8217;in K\u0131br\u0131s Rum Kesiti ile oynayaca\u011f\u0131 m\u00fcsabakada yer almayacak olan Dzeko&#8217;nun sal\u0131 g\u00fcn\u00fc \u0130stanbul&#8217;a gelece\u011fi belirtildi.<\/p>\n<blockquote class=\"twitter-tweet\" data-width=\"500\" data-dnt=\"true\">\n<p lang=\"tr\" dir=\"ltr\">\ud83d\udcf2 Edin Dzeko&#39;dan payla\u015f\u0131m: &quot;Ya hepsi ya hi\u00e7 \u2694\ufe0f\ud83d\udcaa\ud83c\udffb\ud83d\udcaf&quot; <a href=\"https:\/\/t.co\/ZGP0huiRJQ\" rel=\"nofollow\">pic.twitter.com\/ZGP0huiRJQ<\/a><\/p>\n<p>&mdash; Sporx (@sporx) <a href=\"https:\/\/twitter.com\/sporx\/status\/1903795378027114724?ref_src=twsrc%5Etfw\" rel=\"nofollow noopener\" target=\"_blank\">March 23, 2025<\/a><\/p><\/blockquote>\n<p><script async src=\"https:\/\/platform.twitter.com\/widgets.js\" charset=\"utf-8\"><\/script><\/p>\n<\/p><\/div>\n<p><\/p>\n","protected":false},"excerpt":{"rendered":"<p>Bosna Hersek&#8217;in Romanya ile oynad\u0131\u011f\u0131 ma\u00e7ta burnu k\u0131r\u0131lan Edin Dzeko, ya\u015fad\u0131\u011f\u0131 sakatl\u0131k hakk\u0131nda bir payla\u015f\u0131mda bulundu.<\/p>\n","protected":false},"author":1,"featured_media":33437,"comment_status":"open","ping_status":"open","sticky":false,"template":"","format":"standard","meta":{"footnotes":""},"categories":[25],"tags":[],"class_list":["post-33435","post","type-post","status-publish","format-standard","has-post-thumbnail","hentry","category-futbol"],"_links":{"self":[{"href":"https:\/\/haberbesiktas.tr\/index.php?rest_route=\/wp\/v2\/posts\/33435","targetHints":{"allow":["GET"]}}],"collection":[{"href":"https:\/\/haberbesiktas.tr\/index.php?rest_route=\/wp\/v2\/posts"}],"about":[{"href":"https:\/\/haberbesiktas.tr\/index.php?rest_route=\/wp\/v2\/types\/post"}],"author":[{"embeddable":true,"href":"https:\/\/haberbesiktas.tr\/index.php?rest_route=\/wp\/v2\/users\/1"}],"replies":[{"embeddable":true,"href":"https:\/\/haberbesiktas.tr\/index.php?rest_route=%2Fwp%2Fv2%2Fcomments&post=33435"}],"version-history":[{"count":1,"href":"https:\/\/haberbesiktas.tr\/index.php?rest_route=\/wp\/v2\/posts\/33435\/revisions"}],"predecessor-version":[{"id":33440,"href":"https:\/\/haberbesiktas.tr\/index.php?rest_route=\/wp\/v2\/posts\/33435\/revisions\/33440"}],"wp:featuredmedia":[{"embeddable":true,"href":"https:\/\/haberbesiktas.tr\/index.php?rest_route=\/wp\/v2\/media\/33437"}],"wp:attachment":[{"href":"https:\/\/haberbesiktas.tr\/index.php?rest_route=%2Fwp%2Fv2%2Fmedia&parent=33435"}],"wp:term":[{"taxonomy":"category","embeddable":true,"href":"https:\/\/haberbesiktas.tr\/index.php?rest_route=%2Fwp%2Fv2%2Fcategories&post=33435"},{"taxonomy":"post_tag","embeddable":true,"href":"https:\/\/haberbesiktas.tr\/index.php?rest_route=%2Fwp%2Fv2%2Ftags&post=33435"}],"curies":[{"name":"wp","href":"https:\/\/api.w.org\/{rel}","templated":true}]}}