{"id":33453,"date":"2025-05-23T09:12:19","date_gmt":"2025-05-23T09:12:19","guid":{"rendered":"https:\/\/haberbesiktas.tr\/?p=33453"},"modified":"2025-05-23T09:12:19","modified_gmt":"2025-05-23T09:12:19","slug":"turkiye-kano-federasyonu-baskani-alper-cavit-kabakci-madalyalar-hedefliyoruz","status":"publish","type":"post","link":"https:\/\/haberbesiktas.tr\/?p=33453","title":{"rendered":"T\u00fcrkiye Kano Federasyonu Ba\u015fkan\u0131 Alper Cavit Kabak\u00e7\u0131: &#8220;Madalyalar hedefliyoruz&#8221;"},"content":{"rendered":"<p>Mu\u011fla&#8217;n\u0131n K\u00f6yce\u011fiz il\u00e7esinde ger\u00e7ekle\u015ftirilen Durgunsu Kano Aday Ulusal Kadro ve T\u00fcrkiye Olimpiyat Haz\u0131rl\u0131klar\u0131 Merkezi (TOHM) Se\u00e7me Yar\u0131\u015flar\u0131 sona erdi.<\/p>\n<p> T\u00fcrkiye Kano Federasyonu taraf\u0131ndan K\u00f6yce\u011fiz Su Sporlar\u0131 Merkezi&#8217;nde, 500 ve 1000 metrelik parkurda d\u00fczenlenen yar\u0131\u015flara 23 ya\u015f alt\u0131, gen\u00e7ler, y\u0131ld\u0131zlar kategorilerinde 120 bayan ve erkek atlet m\u00fccadele etti.<\/p>\n<p> Federasyon ba\u015fkan\u0131 Alper Cavit Kabak\u00e7\u0131, gazetecilere yapt\u0131\u011f\u0131 a\u00e7\u0131klamada, yar\u0131\u015flarda bilhassa gen\u00e7 ve y\u0131ld\u0131z sportmenlerin performanslar\u0131n\u0131n g\u00f6z doldurdu\u011funu s\u00f6yledi.<\/p>\n<p> Yar\u0131\u015flar\u0131n akabinde ulusal ekip tak\u0131m\u0131n\u0131 a\u015fa\u011f\u0131 \u00fcst belirlediklerini lisana getiren Kabak\u00e7\u0131, <strong>&#8220;Bu sene bilhassa y\u0131ld\u0131zlarda, gen\u00e7lerde Avrupa ve d\u00fcnya \u015fampiyonalar\u0131nda madalya hedefliyoruz. Yeniden b\u00fcy\u00fcklerde hudutlu say\u0131da atletlerle kimi faaliyetlere kat\u0131laca\u011f\u0131z.&#8221;<\/strong> dedi.<\/p>\n<p> Gen\u00e7 ve y\u0131ld\u0131z kategorisindeki atletlerin performanslar\u0131n\u0131n gelece\u011fe umutla bakmalar\u0131n\u0131 sa\u011flad\u0131\u011f\u0131n\u0131 vurgulayan Kabak\u00e7\u0131,<strong> &#8220;Altyap\u0131ya verdi\u011fimiz emeklerin kar\u015f\u0131l\u0131\u011f\u0131n\u0131 almaya ba\u015flad\u0131k. \u0130n\u015fallah 2028 y\u0131l\u0131nda ho\u015f sonu\u00e7lar alaca\u011f\u0131z.&#8221;<\/strong> diye konu\u015ftu.<\/p>\n","protected":false},"excerpt":{"rendered":"<p>Mu\u011fla&#8217;da Durgunsu Kano Aday Ulusal Ekip ve TOHM Se\u00e7me Yar\u0131\u015flar\u0131 tamamland\u0131.<\/p>\n","protected":false},"author":1,"featured_media":33454,"comment_status":"open","ping_status":"open","sticky":false,"template":"","format":"standard","meta":{"footnotes":""},"categories":[27],"tags":[],"class_list":["post-33453","post","type-post","status-publish","format-standard","has-post-thumbnail","hentry","category-guncel-haberler"],"_links":{"self":[{"href":"https:\/\/haberbesiktas.tr\/index.php?rest_route=\/wp\/v2\/posts\/33453","targetHints":{"allow":["GET"]}}],"collection":[{"href":"https:\/\/haberbesiktas.tr\/index.php?rest_route=\/wp\/v2\/posts"}],"about":[{"href":"https:\/\/haberbesiktas.tr\/index.php?rest_route=\/wp\/v2\/types\/post"}],"author":[{"embeddable":true,"href":"https:\/\/haberbesiktas.tr\/index.php?rest_route=\/wp\/v2\/users\/1"}],"replies":[{"embeddable":true,"href":"https:\/\/haberbesiktas.tr\/index.php?rest_route=%2Fwp%2Fv2%2Fcomments&post=33453"}],"version-history":[{"count":1,"href":"https:\/\/haberbesiktas.tr\/index.php?rest_route=\/wp\/v2\/posts\/33453\/revisions"}],"predecessor-version":[{"id":33455,"href":"https:\/\/haberbesiktas.tr\/index.php?rest_route=\/wp\/v2\/posts\/33453\/revisions\/33455"}],"wp:featuredmedia":[{"embeddable":true,"href":"https:\/\/haberbesiktas.tr\/index.php?rest_route=\/wp\/v2\/media\/33454"}],"wp:attachment":[{"href":"https:\/\/haberbesiktas.tr\/index.php?rest_route=%2Fwp%2Fv2%2Fmedia&parent=33453"}],"wp:term":[{"taxonomy":"category","embeddable":true,"href":"https:\/\/haberbesiktas.tr\/index.php?rest_route=%2Fwp%2Fv2%2Fcategories&post=33453"},{"taxonomy":"post_tag","embeddable":true,"href":"https:\/\/haberbesiktas.tr\/index.php?rest_route=%2Fwp%2Fv2%2Ftags&post=33453"}],"curies":[{"name":"wp","href":"https:\/\/api.w.org\/{rel}","templated":true}]}}