{"id":33474,"date":"2025-05-23T10:36:24","date_gmt":"2025-05-23T10:36:24","guid":{"rendered":"https:\/\/haberbesiktas.tr\/?p=33474"},"modified":"2025-05-23T10:36:24","modified_gmt":"2025-05-23T10:36:24","slug":"rafa-silvanin-saglik-durumuyla-ilgili-bilgilendirme","status":"publish","type":"post","link":"https:\/\/haberbesiktas.tr\/?p=33474","title":{"rendered":"Rafa Silva&#8217;n\u0131n sa\u011fl\u0131k durumuyla ilgili bilgilendirme!"},"content":{"rendered":"<div>Be\u015fikta\u015f, Nevzat Demir Tesisleri&#8217;nde Trendyol 1. Lig grubu U\u011fur Okullar\u0131 \u0130stanbulspor&#8217;a 3-1 ma\u011flup olurken, m\u00fcsabakada Alex Oxlade-Chamberlain ve Rafa Silva sakatl\u0131k ge\u00e7irdi.<\/p>\n<p> Bilhassa 29 Mart Cumartesi g\u00fcn\u00fc oynanacak Galatasaray derbisinde forma giyip giyemeyece\u011fi merak konusu olan Rafa Silva&#8217;n\u0131n sakatl\u0131\u011f\u0131n\u0131n \u00f6nemli olmad\u0131\u011f\u0131 \u00f6\u011frenildi. beIN Sports&#8217;un haberine nazaran, 31 ya\u015f\u0131ndaki Portekizli futbolcunun s\u0131hhat durumu d\u00fczg\u00fcn ve misyon verilmesi halinde derbide alanda olabilece\u011fi belirtiliyor.<\/p>\n<p> Teknik tak\u0131m, y\u0131ld\u0131z oyuncunun idman performans\u0131n\u0131 takip ederek son karar\u0131n\u0131 verecek.\u00a0<\/p>\n<div>\u00a0<\/div>\n<\/div>\n<p><\/p>\n","protected":false},"excerpt":{"rendered":"<p>Be\u015fikta\u015f&#8217;\u0131n \u0130stanbulspor ile oynad\u0131\u011f\u0131 haz\u0131rl\u0131k ma\u00e7\u0131nda sakatlanan Rafa Silva&#8217;n\u0131n durumu netle\u015fti.<\/p>\n","protected":false},"author":1,"featured_media":33475,"comment_status":"open","ping_status":"open","sticky":false,"template":"","format":"standard","meta":{"footnotes":""},"categories":[25],"tags":[],"class_list":["post-33474","post","type-post","status-publish","format-standard","has-post-thumbnail","hentry","category-futbol"],"_links":{"self":[{"href":"https:\/\/haberbesiktas.tr\/index.php?rest_route=\/wp\/v2\/posts\/33474","targetHints":{"allow":["GET"]}}],"collection":[{"href":"https:\/\/haberbesiktas.tr\/index.php?rest_route=\/wp\/v2\/posts"}],"about":[{"href":"https:\/\/haberbesiktas.tr\/index.php?rest_route=\/wp\/v2\/types\/post"}],"author":[{"embeddable":true,"href":"https:\/\/haberbesiktas.tr\/index.php?rest_route=\/wp\/v2\/users\/1"}],"replies":[{"embeddable":true,"href":"https:\/\/haberbesiktas.tr\/index.php?rest_route=%2Fwp%2Fv2%2Fcomments&post=33474"}],"version-history":[{"count":1,"href":"https:\/\/haberbesiktas.tr\/index.php?rest_route=\/wp\/v2\/posts\/33474\/revisions"}],"predecessor-version":[{"id":33476,"href":"https:\/\/haberbesiktas.tr\/index.php?rest_route=\/wp\/v2\/posts\/33474\/revisions\/33476"}],"wp:featuredmedia":[{"embeddable":true,"href":"https:\/\/haberbesiktas.tr\/index.php?rest_route=\/wp\/v2\/media\/33475"}],"wp:attachment":[{"href":"https:\/\/haberbesiktas.tr\/index.php?rest_route=%2Fwp%2Fv2%2Fmedia&parent=33474"}],"wp:term":[{"taxonomy":"category","embeddable":true,"href":"https:\/\/haberbesiktas.tr\/index.php?rest_route=%2Fwp%2Fv2%2Fcategories&post=33474"},{"taxonomy":"post_tag","embeddable":true,"href":"https:\/\/haberbesiktas.tr\/index.php?rest_route=%2Fwp%2Fv2%2Ftags&post=33474"}],"curies":[{"name":"wp","href":"https:\/\/api.w.org\/{rel}","templated":true}]}}