{"id":33480,"date":"2025-05-23T11:00:26","date_gmt":"2025-05-23T11:00:26","guid":{"rendered":"https:\/\/haberbesiktas.tr\/?p=33480"},"modified":"2025-05-23T11:00:26","modified_gmt":"2025-05-23T11:00:26","slug":"rafa-silvanin-durumu-belli-oldu-derbide-olacak-mi","status":"publish","type":"post","link":"https:\/\/haberbesiktas.tr\/?p=33480","title":{"rendered":"Rafa Silva&#8217;n\u0131n durumu belli oldu! Derbide olacak m\u0131?"},"content":{"rendered":"<div>Be\u015fikta\u015f&#8217;\u0131n \u0130stanbulspor&#8217;a 3-1 yenildi\u011fi haz\u0131rl\u0131k ma\u00e7\u0131nda sakatlanarak oyundan \u00e7\u0131kan Rafa Silva&#8217;n\u0131n, cumartesi g\u00fcnk\u00fc Galatasaray derbisinde forma giyip giyemeyece\u011fi muhakkak oldu.<\/p>\n<p> Siyah-Beyazl\u0131lar, haz\u0131rl\u0131k ma\u00e7\u0131nda Trendyol 1. Lig gruplar\u0131ndan U\u011fur Okullar\u0131 \u0130stanbulspor ile kar\u015f\u0131 kar\u015f\u0131ya geldi. BJK Nevzat Demir Tesisleri&#8217;nde oynanan ma\u00e7\u0131 \u0130stanbulspor 3-1 kazand\u0131.<\/p>\n<p> M\u00fcsabakada siyah beyazl\u0131 gruptan Alex Oxlade-Chamberlain ve Rafa Silva sakatl\u0131k ge\u00e7irdi.<\/p>\n<p> Rafa Silva&#8217;n\u0131n 29 Mart Cumartesi g\u00fcn\u00fc oynanacak Galatasaray derbisinde forma giyip giyemeyece\u011fi merak konusu olurken, Portekizli futbolcunun son durumu ortaya \u00e7\u0131kt\u0131.<\/p>\n<p><strong>SAKATLI\u011eI \u00d6NEML\u0130 DE\u011e\u0130L<\/strong><\/p>\n<p> beIN Sports&#8217;ta yer alan habere nazaran; Rafa Silva&#8217;n\u0131n sakatl\u0131\u011f\u0131n\u0131n \u00f6nemli olmad\u0131\u011f\u0131 ortaya \u00e7\u0131kt\u0131.<\/p>\n<p> Haberde, 31 ya\u015f\u0131ndaki futbolcunun, vazife verilmesi halinde Galatasaray derbisinde forma giyebilece\u011fi belirtildi.\u00a0\u00a0<\/p>\n<div>\u00a0<\/div>\n<\/div>\n<p><\/p>\n","protected":false},"excerpt":{"rendered":"<p>Be\u015fikta\u015f&#8217;\u0131n \u0130stanbulspor ile oynad\u0131\u011f\u0131 haz\u0131rl\u0131k ma\u00e7\u0131nda sakatlanan Rafa Silva&#8217;n\u0131n durumu netle\u015fti.<\/p>\n","protected":false},"author":1,"featured_media":33481,"comment_status":"open","ping_status":"open","sticky":false,"template":"","format":"standard","meta":{"footnotes":""},"categories":[25],"tags":[],"class_list":["post-33480","post","type-post","status-publish","format-standard","has-post-thumbnail","hentry","category-futbol"],"_links":{"self":[{"href":"https:\/\/haberbesiktas.tr\/index.php?rest_route=\/wp\/v2\/posts\/33480","targetHints":{"allow":["GET"]}}],"collection":[{"href":"https:\/\/haberbesiktas.tr\/index.php?rest_route=\/wp\/v2\/posts"}],"about":[{"href":"https:\/\/haberbesiktas.tr\/index.php?rest_route=\/wp\/v2\/types\/post"}],"author":[{"embeddable":true,"href":"https:\/\/haberbesiktas.tr\/index.php?rest_route=\/wp\/v2\/users\/1"}],"replies":[{"embeddable":true,"href":"https:\/\/haberbesiktas.tr\/index.php?rest_route=%2Fwp%2Fv2%2Fcomments&post=33480"}],"version-history":[{"count":1,"href":"https:\/\/haberbesiktas.tr\/index.php?rest_route=\/wp\/v2\/posts\/33480\/revisions"}],"predecessor-version":[{"id":33482,"href":"https:\/\/haberbesiktas.tr\/index.php?rest_route=\/wp\/v2\/posts\/33480\/revisions\/33482"}],"wp:featuredmedia":[{"embeddable":true,"href":"https:\/\/haberbesiktas.tr\/index.php?rest_route=\/wp\/v2\/media\/33481"}],"wp:attachment":[{"href":"https:\/\/haberbesiktas.tr\/index.php?rest_route=%2Fwp%2Fv2%2Fmedia&parent=33480"}],"wp:term":[{"taxonomy":"category","embeddable":true,"href":"https:\/\/haberbesiktas.tr\/index.php?rest_route=%2Fwp%2Fv2%2Fcategories&post=33480"},{"taxonomy":"post_tag","embeddable":true,"href":"https:\/\/haberbesiktas.tr\/index.php?rest_route=%2Fwp%2Fv2%2Ftags&post=33480"}],"curies":[{"name":"wp","href":"https:\/\/api.w.org\/{rel}","templated":true}]}}