{"id":33483,"date":"2025-05-23T11:12:26","date_gmt":"2025-05-23T11:12:26","guid":{"rendered":"https:\/\/haberbesiktas.tr\/?p=33483"},"modified":"2025-05-23T11:12:26","modified_gmt":"2025-05-23T11:12:26","slug":"tff-baskani-haciosmanoglu-aivar-pohlak-ile-bir-araya-geldi","status":"publish","type":"post","link":"https:\/\/haberbesiktas.tr\/?p=33483","title":{"rendered":"TFF Ba\u015fkan\u0131 Hac\u0131osmano\u011flu, Aivar Pohlak ile bir araya geldi"},"content":{"rendered":"<div><span><span>T\u00fcrkiye Futbol Federasyonu (TFF) Ba\u015fkan\u0131 \u0130brahim Hac\u0131osmano\u011flu, Estonya Futbol Federasyonu Lideri Aivar Pohlak ile g\u00f6r\u00fc\u015ft\u00fc.\u00a0<\/span><\/span> TFF&#8217;den yap\u0131lan a\u00e7\u0131klamaya nazaran Hac\u0131osmano\u011flu, A Ulusal Kadro&#8217;nun UEFA Uluslar Ligi play-off \u00e7e\u015fidinde deplasmanda oynayaca\u011f\u0131 r\u00f6van\u015f kar\u015f\u0131la\u015fmas\u0131 i\u00e7in gitti\u011fi Macaristan&#8217;da Pohlak ile bulu\u015ftu.<\/p>\n<p> Ba\u015f\u015fehir Budape\u015fte&#8217;de ger\u00e7ekle\u015fen g\u00f6r\u00fc\u015fmede TFF Ba\u015fdan\u0131\u015fman\u0131 Yusuf Yerkel de yer ald\u0131.<\/p>\n<p> Memleketler aras\u0131 futbol alan\u0131ndaki geli\u015fmelerin de\u011ferlendirildi\u011fi g\u00f6r\u00fc\u015fmede, iki \u00fclkenin federasyonlar\u0131 aras\u0131ndaki i\u015f birli\u011fi do\u011frultusunda hayata ge\u00e7irilebilecek ortak projelerle ilgili fikir al\u0131\u015fveri\u015finde bulunuldu.<\/p>\n<p> G\u00f6r\u00fc\u015fmenin sonunda TFF Ba\u015fkan\u0131 Hac\u0131osmano\u011flu, Estonya Futbol Federasyonu Lideri Aivar Pohlak&#8217;a A Ulusal Grup formas\u0131 takdim etti.<\/p>\n<\/div>\n<p><\/p>\n","protected":false},"excerpt":{"rendered":"<p>T\u00fcrkiye Futbol Federasyonu (TFF) Ba\u015fkan\u0131 \u0130brahim Hac\u0131osmano\u011flu, Estonya Futbol Federasyonu Lideri Aivar Pohlak ile bir ortaya geldi.<\/p>\n","protected":false},"author":1,"featured_media":33484,"comment_status":"open","ping_status":"open","sticky":false,"template":"","format":"standard","meta":{"footnotes":""},"categories":[25],"tags":[],"class_list":["post-33483","post","type-post","status-publish","format-standard","has-post-thumbnail","hentry","category-futbol"],"_links":{"self":[{"href":"https:\/\/haberbesiktas.tr\/index.php?rest_route=\/wp\/v2\/posts\/33483","targetHints":{"allow":["GET"]}}],"collection":[{"href":"https:\/\/haberbesiktas.tr\/index.php?rest_route=\/wp\/v2\/posts"}],"about":[{"href":"https:\/\/haberbesiktas.tr\/index.php?rest_route=\/wp\/v2\/types\/post"}],"author":[{"embeddable":true,"href":"https:\/\/haberbesiktas.tr\/index.php?rest_route=\/wp\/v2\/users\/1"}],"replies":[{"embeddable":true,"href":"https:\/\/haberbesiktas.tr\/index.php?rest_route=%2Fwp%2Fv2%2Fcomments&post=33483"}],"version-history":[{"count":1,"href":"https:\/\/haberbesiktas.tr\/index.php?rest_route=\/wp\/v2\/posts\/33483\/revisions"}],"predecessor-version":[{"id":33485,"href":"https:\/\/haberbesiktas.tr\/index.php?rest_route=\/wp\/v2\/posts\/33483\/revisions\/33485"}],"wp:featuredmedia":[{"embeddable":true,"href":"https:\/\/haberbesiktas.tr\/index.php?rest_route=\/wp\/v2\/media\/33484"}],"wp:attachment":[{"href":"https:\/\/haberbesiktas.tr\/index.php?rest_route=%2Fwp%2Fv2%2Fmedia&parent=33483"}],"wp:term":[{"taxonomy":"category","embeddable":true,"href":"https:\/\/haberbesiktas.tr\/index.php?rest_route=%2Fwp%2Fv2%2Fcategories&post=33483"},{"taxonomy":"post_tag","embeddable":true,"href":"https:\/\/haberbesiktas.tr\/index.php?rest_route=%2Fwp%2Fv2%2Ftags&post=33483"}],"curies":[{"name":"wp","href":"https:\/\/api.w.org\/{rel}","templated":true}]}}