{"id":33578,"date":"2025-05-23T16:48:17","date_gmt":"2025-05-23T16:48:17","guid":{"rendered":"https:\/\/haberbesiktas.tr\/?p=33578"},"modified":"2025-05-23T16:48:17","modified_gmt":"2025-05-23T16:48:17","slug":"nefes-kesen-macta-kazanan-fenerbahce-beko","status":"publish","type":"post","link":"https:\/\/haberbesiktas.tr\/?p=33578","title":{"rendered":"Nefes kesen ma\u00e7ta kazanan Fenerbah\u00e7e Beko!"},"content":{"rendered":"<div>Fenerbah\u00e7e Beko, T\u00fcrkiye Sigorta Basketbol \u00dcst\u00fcn Ligi&#8217;nin 22. haftas\u0131nda Anadolu Efes&#8217;i deplasmanda 82-81 ma\u011flup etti.<\/p>\n<p>Fenerbah\u00e7e Beko, 22. ma\u00e7\u0131nda 21. galibiyetini elde etti. Anadolu Efes, 22. ma\u00e7\u0131nda 6. ma\u011flubiyetini ald\u0131.<\/p>\n<p>DETAYLAR B\u0130RAZDAN!<\/p>\n<\/div>\n<p><\/p>\n","protected":false},"excerpt":{"rendered":"<p>Fenerbah\u00e7e Beko, T\u00fcrkiye Sigorta Basketbol Muhte\u015fem Ligi&#8217;nin 22. haftas\u0131nda Anadolu Efes&#8217;i deplasmanda 82-81 ma\u011flup etti.<\/p>\n","protected":false},"author":1,"featured_media":33579,"comment_status":"open","ping_status":"open","sticky":false,"template":"","format":"standard","meta":{"footnotes":""},"categories":[10],"tags":[],"class_list":["post-33578","post","type-post","status-publish","format-standard","has-post-thumbnail","hentry","category-basketbol"],"_links":{"self":[{"href":"https:\/\/haberbesiktas.tr\/index.php?rest_route=\/wp\/v2\/posts\/33578","targetHints":{"allow":["GET"]}}],"collection":[{"href":"https:\/\/haberbesiktas.tr\/index.php?rest_route=\/wp\/v2\/posts"}],"about":[{"href":"https:\/\/haberbesiktas.tr\/index.php?rest_route=\/wp\/v2\/types\/post"}],"author":[{"embeddable":true,"href":"https:\/\/haberbesiktas.tr\/index.php?rest_route=\/wp\/v2\/users\/1"}],"replies":[{"embeddable":true,"href":"https:\/\/haberbesiktas.tr\/index.php?rest_route=%2Fwp%2Fv2%2Fcomments&post=33578"}],"version-history":[{"count":1,"href":"https:\/\/haberbesiktas.tr\/index.php?rest_route=\/wp\/v2\/posts\/33578\/revisions"}],"predecessor-version":[{"id":33580,"href":"https:\/\/haberbesiktas.tr\/index.php?rest_route=\/wp\/v2\/posts\/33578\/revisions\/33580"}],"wp:featuredmedia":[{"embeddable":true,"href":"https:\/\/haberbesiktas.tr\/index.php?rest_route=\/wp\/v2\/media\/33579"}],"wp:attachment":[{"href":"https:\/\/haberbesiktas.tr\/index.php?rest_route=%2Fwp%2Fv2%2Fmedia&parent=33578"}],"wp:term":[{"taxonomy":"category","embeddable":true,"href":"https:\/\/haberbesiktas.tr\/index.php?rest_route=%2Fwp%2Fv2%2Fcategories&post=33578"},{"taxonomy":"post_tag","embeddable":true,"href":"https:\/\/haberbesiktas.tr\/index.php?rest_route=%2Fwp%2Fv2%2Ftags&post=33578"}],"curies":[{"name":"wp","href":"https:\/\/api.w.org\/{rel}","templated":true}]}}