{"id":33590,"date":"2025-05-23T17:36:36","date_gmt":"2025-05-23T17:36:36","guid":{"rendered":"https:\/\/haberbesiktas.tr\/?p=33590"},"modified":"2025-05-23T17:36:36","modified_gmt":"2025-05-23T17:36:36","slug":"hakan-calhanoglu-zoru-basardik","status":"publish","type":"post","link":"https:\/\/haberbesiktas.tr\/?p=33590","title":{"rendered":"Hakan \u00c7alhano\u011flu: &#8220;Zoru ba\u015fard\u0131k&#8221;"},"content":{"rendered":"<div>A Ulusal Kadro&#8217;da kaptan Hakan \u00c7alhano\u011flu, Macaristan ma\u00e7\u0131n\u0131n akabinde konu\u015ftu.<\/p>\n<p> Hakan \u00c7alhano\u011flu, <strong>&#8220;Bug\u00fcnk\u00fc ma\u00e7\u0131n s\u0131k\u0131nt\u0131 olaca\u011f\u0131n\u0131 biliyorduk. Macaristan deplasman\u0131nda daima zorluklar ya\u015fad\u0131k. Burada ikinci galibiyetimizi ald\u0131k Macaristan&#8217;a kar\u015f\u0131. Ho\u015f ve k\u0131ymetli bir galibiyet oldu bizim i\u00e7in. A Ligi&#8217;ni hak ettik. Onun memnunlu\u011funu ya\u015f\u0131yoruz. Kadro arkada\u015flar\u0131m\u0131 tebrik ediyorum. Her 2-3 g\u00fcnde bir oynamak kolay de\u011fil. Herkese te\u015fekk\u00fcr etmek istiyorum. K\u0131ymetli bir ad\u0131m att\u0131k. Sonu\u00e7ta bug\u00fcn buraya kazanmaya gelmi\u015ftik. \u00dclkemizi memnun etmeye \u00e7al\u0131\u015ft\u0131k. Bunun gururunu ya\u015f\u0131yoruz. Bu t\u00fcrl\u00fc devam etmek istiyoruz. D\u00fczg\u00fcn bir yolday\u0131z. Art\u0131k gayemiz D\u00fcnya Kupas\u0131. Oraya haz\u0131rlanaca\u011f\u0131z.<\/strong>&#8221; dedi.<\/p>\n<p> Tecr\u00fcbeli y\u0131ld\u0131z, gen\u00e7 oyuncular ve grupla ilgili<strong>, &#8220;Alt\u0131n nesil diye d\u00fc\u015f\u00fcn\u00fcyorum. Hepsi \u00e7ok yetenekli, g\u00fczel oyuncular. \u00d6\u011frenecek \u00e7ok \u015fey var do\u011fal ki, ben de bu yoldan geldim. Onlara yard\u0131mc\u0131 olmaya \u00e7al\u0131\u015f\u0131yorum. \u00c7ok \u00e7al\u0131\u015faca\u011f\u0131z. Kendimize \u00e7ok g\u00fcveniyoruz. Uluslar Ligi&#8217;nde bu t\u00fcrl\u00fc devam etmek istiyoruz. Ben de onlara her hususta yard\u0131mc\u0131 olaca\u011f\u0131m, onlar benim kanatlar\u0131m alt\u0131nda. Merih sakat, grupta kald\u0131, kadrosu desteklemeye geldi. Orkun cezal\u0131 olmas\u0131na kar\u015f\u0131n buraya geldi. Bize bu laz\u0131m. Karakterli oyuncular var, o da bizde var. Bizim her mevzuda onlar i\u00e7in buraday\u0131z ne olursa olsun. Yusuf&#8217;un verdi\u011fi performans harikulade, bu t\u00fcrl\u00fc devam etmesi gerekiyor. Taha, Deniz&#8230; Bunlara sahip \u00e7\u0131kmak laz\u0131m. Biz de gereken takviyesi veriyoruz.&#8221;<\/strong> kelamlar\u0131n\u0131 sarf etti.<\/p>\n<p> Hakan \u00c7alhano\u011flu, <strong>&#8220;Konu \u00fclke olunca i\u015fler de\u011fi\u015fiyor. O y\u00fczden onlara da te\u015fekk\u00fcr ediyorum kadroda kald\u0131klar\u0131 i\u00e7in. Ben her \u015feyi takip ediyorum, g\u00f6r\u00fcyorum. Herkes burada olmay\u0131 seviyor. Bu \u00e7ok de\u011ferli. U\u011furcan&#8217;\u0131 da dinledim. Burada grup konu\u015fulmuyor, bayrak konu\u015fuluyor. Bu k\u0131ymetli bir husus. Biz ulusal grup i\u00e7in buraday\u0131z. Buraya gelmeden evvel herkes bunun \u015fuurunda. Biz de d\u0131\u015far\u0131ya kar\u015f\u0131 \u00f6rnek olmaya \u00e7al\u0131\u015f\u0131yoruz.&#8221;<\/strong> diye konu\u015ftu.<\/p>\n<p> Y\u0131ld\u0131z orta saha, <strong>&#8220;Macaristan bizi birinci 15-20 dakika sinirlendirmeye \u00e7al\u0131\u015ft\u0131. Biz hi\u00e7 onlar\u0131n tuza\u011f\u0131na d\u00fc\u015fmedik. Bu \u00e7ok k\u0131ymetliydi. Zoru ba\u015fard\u0131k. Art\u0131k A Ligi&#8217;ndeyiz, memnunuz.&#8221;<\/strong> kelamlar\u0131n\u0131 sarf etti.<\/p>\n<p> Hakan \u00c7alhano\u011flu, son olarak taraftara y\u00f6nelik,<strong> &#8220;\u00dclkemize bu galibiyet arma\u011fan olsun. Onlar\u0131n dualar\u0131yla buraya kadar geldik. Bizi desteklemeye devam etsinler, ay-y\u0131ld\u0131zl\u0131 formay\u0131 desteklesinler. Bizler de elimizden geleni yapmaya \u00e7al\u0131\u015faca\u011f\u0131z. Onlar\u0131 en d\u00fczg\u00fcn formda temsil etmeye \u00e7al\u0131\u015faca\u011f\u0131z.&#8221;<\/strong> iletisini verdi.<\/p>\n<\/div>\n<p><\/p>\n","protected":false},"excerpt":{"rendered":"<p>A Ulusal Grup kaptan\u0131 Hakan \u00c7alhano\u011flu, Macaristan ma\u00e7\u0131n\u0131n akabinde konu\u015ftu.<\/p>\n","protected":false},"author":1,"featured_media":33591,"comment_status":"open","ping_status":"open","sticky":false,"template":"","format":"standard","meta":{"footnotes":""},"categories":[25],"tags":[63,853,362,52],"class_list":["post-33590","post","type-post","status-publish","format-standard","has-post-thumbnail","hentry","category-futbol","tag-hak","tag-onemli","tag-onlar","tag-takim"],"_links":{"self":[{"href":"https:\/\/haberbesiktas.tr\/index.php?rest_route=\/wp\/v2\/posts\/33590","targetHints":{"allow":["GET"]}}],"collection":[{"href":"https:\/\/haberbesiktas.tr\/index.php?rest_route=\/wp\/v2\/posts"}],"about":[{"href":"https:\/\/haberbesiktas.tr\/index.php?rest_route=\/wp\/v2\/types\/post"}],"author":[{"embeddable":true,"href":"https:\/\/haberbesiktas.tr\/index.php?rest_route=\/wp\/v2\/users\/1"}],"replies":[{"embeddable":true,"href":"https:\/\/haberbesiktas.tr\/index.php?rest_route=%2Fwp%2Fv2%2Fcomments&post=33590"}],"version-history":[{"count":1,"href":"https:\/\/haberbesiktas.tr\/index.php?rest_route=\/wp\/v2\/posts\/33590\/revisions"}],"predecessor-version":[{"id":33592,"href":"https:\/\/haberbesiktas.tr\/index.php?rest_route=\/wp\/v2\/posts\/33590\/revisions\/33592"}],"wp:featuredmedia":[{"embeddable":true,"href":"https:\/\/haberbesiktas.tr\/index.php?rest_route=\/wp\/v2\/media\/33591"}],"wp:attachment":[{"href":"https:\/\/haberbesiktas.tr\/index.php?rest_route=%2Fwp%2Fv2%2Fmedia&parent=33590"}],"wp:term":[{"taxonomy":"category","embeddable":true,"href":"https:\/\/haberbesiktas.tr\/index.php?rest_route=%2Fwp%2Fv2%2Fcategories&post=33590"},{"taxonomy":"post_tag","embeddable":true,"href":"https:\/\/haberbesiktas.tr\/index.php?rest_route=%2Fwp%2Fv2%2Ftags&post=33590"}],"curies":[{"name":"wp","href":"https:\/\/api.w.org\/{rel}","templated":true}]}}