{"id":33675,"date":"2025-05-23T23:12:18","date_gmt":"2025-05-23T23:12:18","guid":{"rendered":"https:\/\/haberbesiktas.tr\/?p=33675"},"modified":"2025-05-23T23:12:18","modified_gmt":"2025-05-23T23:12:18","slug":"uluslararasi-profesyonel-yol-bisiklet-yarislarinin-4-etabi-tamamlandi-2","status":"publish","type":"post","link":"https:\/\/haberbesiktas.tr\/?p=33675","title":{"rendered":"Uluslararas\u0131 Profesyonel Yol Bisiklet Yar\u0131\u015flar\u0131&#8217;n\u0131n 4. etab\u0131 tamamland\u0131"},"content":{"rendered":"<div>Antalya&#8217;n\u0131n Manavgat il\u00e7esinde d\u00fczenlenen Pedalia Milletleraras\u0131 Profesyonel Yol Bisiklet Yar\u0131\u015flar\u0131&#8217;n\u0131n 4. aya\u011f\u0131 olan Apollon International Criterium ve Grand Prix Apollon yar\u0131\u015flar\u0131 sona erdi.<\/p>\n<p> Milletleraras\u0131 Bisiklet Birli\u011finin (UCI) yar\u0131\u015f takviminde yer alan ve T\u00fcrkiye Bisiklet Federasyonunun 1.2 kategorisinde d\u00fczenlenen yar\u0131\u015fta, Polonya&#8217;n\u0131n Monogo Lubelskie Perla Polski grubundan Bartosz Rudyk birinci, Konya B\u00fcy\u00fck\u015fehir Belediyesi Spor Kul\u00fcb\u00fcnden Ramazan Y\u0131lmaz ikinci, Cezayir&#8217;in Madar Pro Cycling kadrosundan Youcef Reguigui ise \u00fc\u00e7\u00fcnc\u00fc oldu.<\/p>\n<p> Manavgat Ticaret ve Sanayi Odas\u0131 (MATSO) ismine tasarlanan \u00f6zel &#8220;mavi mayo&#8221;yu da \u015fampiyon sportmen Polonyal\u0131 Rudyk kazand\u0131.<\/p>\n<p> MATSO Y\u00f6netim Kurulu Lideri Seydi Tahsin G\u00fcng\u00f6r, yar\u0131\u015flara mesken sahipli\u011fi yaparak, Manavgat&#8217;\u0131n spor ve k\u0131\u015f turizmine katk\u0131 sa\u011flamaya \u00e7al\u0131\u015ft\u0131klar\u0131n\u0131 s\u00f6z etti.<\/p>\n<p> Oda olarak bu usul spor etkinliklerini \u00f6nemsediklerini belirten G\u00fcng\u00f6r, \u015funlar\u0131 kaydetti:<\/p>\n<p> <strong>&#8220;Kentimizin k\u0131\u015f turizmine, bu t\u0131p tan\u0131t\u0131mlar\u0131n katk\u0131s\u0131 \u00e7ok b\u00fcy\u00fck. D\u00fcnyaca \u00fcnl\u00fc turizm destinasyonuna sahibiz ve bu k\u0131ymetlerimizi daha geni\u015f kitlelere tan\u0131tmak i\u00e7in u\u011fra\u015f g\u00f6steriyoruz. Yar\u0131\u015fa, Avrupa, Asya ve Kuzey Afrika&#8217;dan atletler geldi. Kadrolar ve atletler bilhassa toplumsal medyada yapt\u0131klar\u0131 payla\u015f\u0131mlarla Manavgat&#8217;\u0131n tan\u0131t\u0131m\u0131na b\u00fcy\u00fck katk\u0131 sa\u011fl\u0131yor.&#8221;<\/strong><\/p>\n<p> Pedalia 2025, 6 ve 7 Nisan&#8217;da yap\u0131lacak GP Syedra Antik Kenti ve International Alanya Criterium yar\u0131\u015flar\u0131yla tamamlanacak.<\/p>\n<\/div>\n<p><\/p>\n","protected":false},"excerpt":{"rendered":"<p>Pedalia Memleketler aras\u0131 Profesyonel Yol Bisiklet Yar\u0131\u015flar\u0131&#8217;n\u0131n 4. etab\u0131 Antalya&#8217;da sonu\u00e7land\u0131.<\/p>\n","protected":false},"author":1,"featured_media":33676,"comment_status":"open","ping_status":"open","sticky":false,"template":"","format":"standard","meta":{"footnotes":""},"categories":[10],"tags":[65,88],"class_list":["post-33675","post","type-post","status-publish","format-standard","has-post-thumbnail","hentry","category-basketbol","tag-spor","tag-yaris"],"_links":{"self":[{"href":"https:\/\/haberbesiktas.tr\/index.php?rest_route=\/wp\/v2\/posts\/33675","targetHints":{"allow":["GET"]}}],"collection":[{"href":"https:\/\/haberbesiktas.tr\/index.php?rest_route=\/wp\/v2\/posts"}],"about":[{"href":"https:\/\/haberbesiktas.tr\/index.php?rest_route=\/wp\/v2\/types\/post"}],"author":[{"embeddable":true,"href":"https:\/\/haberbesiktas.tr\/index.php?rest_route=\/wp\/v2\/users\/1"}],"replies":[{"embeddable":true,"href":"https:\/\/haberbesiktas.tr\/index.php?rest_route=%2Fwp%2Fv2%2Fcomments&post=33675"}],"version-history":[{"count":1,"href":"https:\/\/haberbesiktas.tr\/index.php?rest_route=\/wp\/v2\/posts\/33675\/revisions"}],"predecessor-version":[{"id":33677,"href":"https:\/\/haberbesiktas.tr\/index.php?rest_route=\/wp\/v2\/posts\/33675\/revisions\/33677"}],"wp:featuredmedia":[{"embeddable":true,"href":"https:\/\/haberbesiktas.tr\/index.php?rest_route=\/wp\/v2\/media\/33676"}],"wp:attachment":[{"href":"https:\/\/haberbesiktas.tr\/index.php?rest_route=%2Fwp%2Fv2%2Fmedia&parent=33675"}],"wp:term":[{"taxonomy":"category","embeddable":true,"href":"https:\/\/haberbesiktas.tr\/index.php?rest_route=%2Fwp%2Fv2%2Fcategories&post=33675"},{"taxonomy":"post_tag","embeddable":true,"href":"https:\/\/haberbesiktas.tr\/index.php?rest_route=%2Fwp%2Fv2%2Ftags&post=33675"}],"curies":[{"name":"wp","href":"https:\/\/api.w.org\/{rel}","templated":true}]}}