{"id":33708,"date":"2025-05-24T01:36:16","date_gmt":"2025-05-24T01:36:16","guid":{"rendered":"https:\/\/haberbesiktas.tr\/?p=33708"},"modified":"2025-05-24T01:36:16","modified_gmt":"2025-05-24T01:36:16","slug":"ferhat-aricandan-altin-madalya-2","status":"publish","type":"post","link":"https:\/\/haberbesiktas.tr\/?p=33708","title":{"rendered":"Ferhat Ar\u0131can&#8217;dan alt\u0131n madalya!"},"content":{"rendered":"<div>Milli sportmen Ferhat Ar\u0131can, Artistik Cimnastik D\u00fcnya Kupas\u0131&#8217;n\u0131n T\u00fcrkiye aya\u011f\u0131nda erkekler paralel bar aletinde alt\u0131n madalya elde etti.<\/p>\n<p> Vestel&#8217;in sponsorlu\u011funda Antalya \u0130brahim \u00c7olak Cimnastik Salonu&#8217;nda d\u00fczenlenen ve 26 \u00fclkeden 122 sportmen kat\u0131ld\u0131\u011f\u0131 tertibin son g\u00fcn\u00fcnde T\u00fcrk atletlerden Ferhat Ar\u0131can, erkekler paralel bar aleti final gayretinde yar\u0131\u015ft\u0131.<\/p>\n<p> Ulusal cimnastik\u00e7i, finalde birinci s\u0131rada yer alarak alt\u0131n madalya kazand\u0131.<\/p>\n<blockquote class=\"twitter-tweet\" data-width=\"500\" data-dnt=\"true\">\n<p lang=\"tr\" dir=\"ltr\">\ud83c\uddf9\ud83c\uddf7 Ferhat Ar\u0131can&#39;dan alt\u0131n madalya \ud83e\udd47<\/p>\n<p>\ud83e\udd38\ud83c\udffb\u200d\u2642\ufe0f Sporcumuz, Artistik Cimnastik D\u00fcnya Kupas\u0131&#39;nda paralel barda 14.466&#39;l\u0131k derecesiyle alt\u0131n madalya kazand\u0131.<\/p>\n<p>\ud83d\udc4f Tebrikler Ferhat!<a href=\"https:\/\/t.co\/BcFKjsgzWc\" rel=\"nofollow\">pic.twitter.com\/BcFKjsgzWc<\/a><\/p>\n<p>&mdash; Sporx (@sporx) <a href=\"https:\/\/twitter.com\/sporx\/status\/1903824126936035697?ref_src=twsrc%5Etfw\" rel=\"nofollow noopener\" target=\"_blank\">March 23, 2025<\/a><\/p><\/blockquote>\n<p><script async src=\"https:\/\/platform.twitter.com\/widgets.js\" charset=\"utf-8\"><\/script><\/p>\n<\/p><\/div>\n<p><\/p>\n","protected":false},"excerpt":{"rendered":"<p>Ulusal atlet Ferhat Ar\u0131can, Artistik Cimnastik D\u00fcnya Kupas\u0131&#8217;n\u0131n T\u00fcrkiye aya\u011f\u0131nda erkekler paralel bar aletinde alt\u0131n madalya kazand\u0131.<\/p>\n","protected":false},"author":1,"featured_media":33709,"comment_status":"open","ping_status":"open","sticky":false,"template":"","format":"standard","meta":{"footnotes":""},"categories":[10],"tags":[],"class_list":["post-33708","post","type-post","status-publish","format-standard","has-post-thumbnail","hentry","category-basketbol"],"_links":{"self":[{"href":"https:\/\/haberbesiktas.tr\/index.php?rest_route=\/wp\/v2\/posts\/33708","targetHints":{"allow":["GET"]}}],"collection":[{"href":"https:\/\/haberbesiktas.tr\/index.php?rest_route=\/wp\/v2\/posts"}],"about":[{"href":"https:\/\/haberbesiktas.tr\/index.php?rest_route=\/wp\/v2\/types\/post"}],"author":[{"embeddable":true,"href":"https:\/\/haberbesiktas.tr\/index.php?rest_route=\/wp\/v2\/users\/1"}],"replies":[{"embeddable":true,"href":"https:\/\/haberbesiktas.tr\/index.php?rest_route=%2Fwp%2Fv2%2Fcomments&post=33708"}],"version-history":[{"count":1,"href":"https:\/\/haberbesiktas.tr\/index.php?rest_route=\/wp\/v2\/posts\/33708\/revisions"}],"predecessor-version":[{"id":33710,"href":"https:\/\/haberbesiktas.tr\/index.php?rest_route=\/wp\/v2\/posts\/33708\/revisions\/33710"}],"wp:featuredmedia":[{"embeddable":true,"href":"https:\/\/haberbesiktas.tr\/index.php?rest_route=\/wp\/v2\/media\/33709"}],"wp:attachment":[{"href":"https:\/\/haberbesiktas.tr\/index.php?rest_route=%2Fwp%2Fv2%2Fmedia&parent=33708"}],"wp:term":[{"taxonomy":"category","embeddable":true,"href":"https:\/\/haberbesiktas.tr\/index.php?rest_route=%2Fwp%2Fv2%2Fcategories&post=33708"},{"taxonomy":"post_tag","embeddable":true,"href":"https:\/\/haberbesiktas.tr\/index.php?rest_route=%2Fwp%2Fv2%2Ftags&post=33708"}],"curies":[{"name":"wp","href":"https:\/\/api.w.org\/{rel}","templated":true}]}}