{"id":3382,"date":"2025-01-13T19:48:32","date_gmt":"2025-01-13T19:48:32","guid":{"rendered":"https:\/\/haberbesiktas.tr\/?p=3382"},"modified":"2025-01-13T19:48:32","modified_gmt":"2025-01-13T19:48:32","slug":"fatih-terim-fenerbahceden-transfer-istiyor","status":"publish","type":"post","link":"https:\/\/haberbesiktas.tr\/?p=3382","title":{"rendered":"Fatih Terim, Fenerbah\u00e7e&#8217;den transfer istiyor"},"content":{"rendered":"<div>Al Shabab ile yeni bir maceraya yelken a\u00e7an Fatih Terim, yapaca\u011f\u0131 transferlerle tak\u0131m\u0131n\u0131 g\u00fc\u00e7lendirmek istiyor.<\/p>\n<p> \u00dcst\u00fcn Lig&#8217;den tak\u0131m\u0131na destekler yapmas\u0131 beklenen Terim&#8217;in listesindeki isimlerden biri muhakkak oldu.<\/p>\n<p> S\u00f6zc\u00fc&#8217;de yer alan habere nazaran, <strong>Fatih Terim, Fenerbah\u00e7e&#8217;den Samet Akaydin&#8217;i istiyor.<\/strong><\/p>\n<p> UEFA Avrupa Ligi&#8217;nde oynanan Athletic ma\u00e7\u0131nda yapt\u0131\u011f\u0131 kusurla gole sebebiyet veren ve trib\u00fcnlerin a\u011f\u0131r tepsini alan Samet Akaydin, o g\u00fcnden bu yana sar\u0131-lacivertli formay\u0131 giymedi.<\/p>\n<p> <strong>GE\u00c7EN D\u00d6NEM DA PANA&#8217;YA GET\u0130RM\u0130\u015eT\u0130<\/strong><\/p>\n<p> Fenerbah\u00e7e&#8217;den ayr\u0131lmas\u0131na kesin g\u00f6z\u00fcyle bak\u0131lan tecr\u00fcbeli stoperin yeni adresinin Al Shabab olabilece\u011fi sav ediliyor. Fatih Terim ge\u00e7en d\u00f6nem Panathinaikos&#8217;u \u00e7al\u0131\u015ft\u0131r\u0131rken de Samet Akaydin&#8217;i kiral\u0131k olarak transfer etmi\u015fti.<\/p>\n<p> <strong>BU D\u00d6NEM SAMET AKAYD\u0130N<br \/><\/strong><br \/>Samet Akaydin bu d\u00f6nem Fenerbah\u00e7e&#8217;de 7 ma\u00e7a \u00e7\u0131kt\u0131. Bu m\u00fcsabakalarda 509 dakika baht bulan 30 ya\u015f\u0131ndaki savunmac\u0131, 1 goll\u00fck skor katk\u0131s\u0131 verdi.\u00a0<\/p>\n<p> \u00a0<\/p>\n<p> \u00a0<\/p>\n<\/div>\n","protected":false},"excerpt":{"rendered":"<p>Al Shabab ile yeni bir maceraya yelken a\u00e7an Fatih Terim, Fenerbah\u00e7e&#8217;den stoper oyuncusu Samet Akaydin&#8217;i istiyor.<\/p>\n","protected":false},"author":1,"featured_media":3383,"comment_status":"open","ping_status":"open","sticky":false,"template":"","format":"standard","meta":{"footnotes":""},"categories":[25],"tags":[454],"class_list":["post-3382","post","type-post","status-publish","format-standard","has-post-thumbnail","hentry","category-futbol","tag-samet-akaydin"],"_links":{"self":[{"href":"https:\/\/haberbesiktas.tr\/index.php?rest_route=\/wp\/v2\/posts\/3382","targetHints":{"allow":["GET"]}}],"collection":[{"href":"https:\/\/haberbesiktas.tr\/index.php?rest_route=\/wp\/v2\/posts"}],"about":[{"href":"https:\/\/haberbesiktas.tr\/index.php?rest_route=\/wp\/v2\/types\/post"}],"author":[{"embeddable":true,"href":"https:\/\/haberbesiktas.tr\/index.php?rest_route=\/wp\/v2\/users\/1"}],"replies":[{"embeddable":true,"href":"https:\/\/haberbesiktas.tr\/index.php?rest_route=%2Fwp%2Fv2%2Fcomments&post=3382"}],"version-history":[{"count":1,"href":"https:\/\/haberbesiktas.tr\/index.php?rest_route=\/wp\/v2\/posts\/3382\/revisions"}],"predecessor-version":[{"id":3384,"href":"https:\/\/haberbesiktas.tr\/index.php?rest_route=\/wp\/v2\/posts\/3382\/revisions\/3384"}],"wp:featuredmedia":[{"embeddable":true,"href":"https:\/\/haberbesiktas.tr\/index.php?rest_route=\/wp\/v2\/media\/3383"}],"wp:attachment":[{"href":"https:\/\/haberbesiktas.tr\/index.php?rest_route=%2Fwp%2Fv2%2Fmedia&parent=3382"}],"wp:term":[{"taxonomy":"category","embeddable":true,"href":"https:\/\/haberbesiktas.tr\/index.php?rest_route=%2Fwp%2Fv2%2Fcategories&post=3382"},{"taxonomy":"post_tag","embeddable":true,"href":"https:\/\/haberbesiktas.tr\/index.php?rest_route=%2Fwp%2Fv2%2Ftags&post=3382"}],"curies":[{"name":"wp","href":"https:\/\/api.w.org\/{rel}","templated":true}]}}