{"id":33838,"date":"2025-05-24T09:48:21","date_gmt":"2025-05-24T09:48:21","guid":{"rendered":"https:\/\/haberbesiktas.tr\/?p=33838"},"modified":"2025-05-24T09:48:21","modified_gmt":"2025-05-24T09:48:21","slug":"fenerbahceden-becao-karari","status":"publish","type":"post","link":"https:\/\/haberbesiktas.tr\/?p=33838","title":{"rendered":"Fenerbah\u00e7e&#8217;den Becao karar\u0131"},"content":{"rendered":"<div>Fenerbah\u00e7e&#8217;nin RAMS Ba\u015fak\u015fehir ile oynad\u0131\u011f\u0131 ma\u00e7ta sakatlanan Rodrigo Becao, d\u00f6nemi kapatm\u0131\u015f ve lisans\u0131 ask\u0131ya al\u0131nm\u0131\u015ft\u0131.<\/p>\n<p> Yeni d\u00f6nemde tak\u0131mda d\u00fc\u015f\u00fcn\u00fclmeyen Brezilyal\u0131 stoperin menajerine, &#8216;kul\u00fcp bul&#8217; talimat\u0131 verildi.<\/p>\n<p> Jose Mourinho&#8217;nun istemedi\u011fi Becao i\u00e7in 4 milyon euro bonservis bedeli belirlendi.<\/p>\n<p> <strong>37 MA\u00c7TA FORMA G\u0130YD\u0130<\/strong><\/p>\n<p> 29 ya\u015f\u0131ndaki Brezilyal\u0131 oyuncu, 2023 yaz\u0131nda 8.3 milyon euro bonservis bedeliyle Fenerbah\u00e7e&#8217;ye transfer olmu\u015ftu.<\/p>\n<p> 15&#8217;i bu d\u00f6nem olmak \u00fczere Becao, fenerbah\u00e7e formas\u0131yla 37 resmi ma\u00e7ta forma giydi.\u00a0<\/p>\n<div>\u00a0<\/div>\n<\/div>\n<p><\/p>\n","protected":false},"excerpt":{"rendered":"<p>Fenerbah\u00e7e, Rodrigo Becao&#8217;yu 4 milyon euro bonservis bedeliyle sat\u0131\u015f listesine koydu.<\/p>\n","protected":false},"author":1,"featured_media":33839,"comment_status":"open","ping_status":"open","sticky":false,"template":"","format":"standard","meta":{"footnotes":""},"categories":[25],"tags":[],"class_list":["post-33838","post","type-post","status-publish","format-standard","has-post-thumbnail","hentry","category-futbol"],"_links":{"self":[{"href":"https:\/\/haberbesiktas.tr\/index.php?rest_route=\/wp\/v2\/posts\/33838","targetHints":{"allow":["GET"]}}],"collection":[{"href":"https:\/\/haberbesiktas.tr\/index.php?rest_route=\/wp\/v2\/posts"}],"about":[{"href":"https:\/\/haberbesiktas.tr\/index.php?rest_route=\/wp\/v2\/types\/post"}],"author":[{"embeddable":true,"href":"https:\/\/haberbesiktas.tr\/index.php?rest_route=\/wp\/v2\/users\/1"}],"replies":[{"embeddable":true,"href":"https:\/\/haberbesiktas.tr\/index.php?rest_route=%2Fwp%2Fv2%2Fcomments&post=33838"}],"version-history":[{"count":1,"href":"https:\/\/haberbesiktas.tr\/index.php?rest_route=\/wp\/v2\/posts\/33838\/revisions"}],"predecessor-version":[{"id":33840,"href":"https:\/\/haberbesiktas.tr\/index.php?rest_route=\/wp\/v2\/posts\/33838\/revisions\/33840"}],"wp:featuredmedia":[{"embeddable":true,"href":"https:\/\/haberbesiktas.tr\/index.php?rest_route=\/wp\/v2\/media\/33839"}],"wp:attachment":[{"href":"https:\/\/haberbesiktas.tr\/index.php?rest_route=%2Fwp%2Fv2%2Fmedia&parent=33838"}],"wp:term":[{"taxonomy":"category","embeddable":true,"href":"https:\/\/haberbesiktas.tr\/index.php?rest_route=%2Fwp%2Fv2%2Fcategories&post=33838"},{"taxonomy":"post_tag","embeddable":true,"href":"https:\/\/haberbesiktas.tr\/index.php?rest_route=%2Fwp%2Fv2%2Ftags&post=33838"}],"curies":[{"name":"wp","href":"https:\/\/api.w.org\/{rel}","templated":true}]}}