{"id":33841,"date":"2025-05-24T10:00:23","date_gmt":"2025-05-24T10:00:23","guid":{"rendered":"https:\/\/haberbesiktas.tr\/?p=33841"},"modified":"2025-05-24T10:00:23","modified_gmt":"2025-05-24T10:00:23","slug":"besiktasta-sezonun-affi-derbi-galibiyeti","status":"publish","type":"post","link":"https:\/\/haberbesiktas.tr\/?p=33841","title":{"rendered":"Be\u015fikta\u015f&#8217;ta sezonun aff\u0131 derbi galibiyeti!"},"content":{"rendered":"<div>\n<p>Be\u015fikta\u015f&#8217;ta t\u00fcm g\u00f6zler 29 Mart Cumartesi g\u00fcn\u00fc oynanacak Galatasaray derbisine \u00e7evrildi.<\/p>\n<p> Bu d\u00f6nem g\u00f6sterdi\u011fi makus performansla b\u00fcy\u00fck bir hayal k\u0131r\u0131kl\u0131\u011f\u0131 yaratan Siyah-Beyazl\u0131lar, ezeli rakibini yenerek kara bulutlar\u0131 \u00fczerinden atmay\u0131 planl\u0131yor.\u00a0<\/p>\n<p> <strong>BE\u015e\u0130KTA\u015e \u0130DARES\u0130NDEN \u00d6ZEL PR\u0130M HAZIRLI\u011eI\u00a0<\/strong><\/p>\n<p> Bu plan\u0131 meselesiz bir halde \u00e7\u00f6zmek i\u00e7in hem idare hem de teknik heyet \u00e7al\u0131\u015fmalar\u0131n\u0131 tam gaz s\u00fcrd\u00fcr\u00fcyor. . \u0130dare, derbi i\u00e7in \u00f6zel bir prim haz\u0131rl\u0131\u011f\u0131nda. Teknik heyet ise Galatasaray&#8217;\u0131n art\u0131 ve eksiklerini tahlil etmi\u015f durumda.<\/p>\n<p> <strong>CAM\u0130AYA MORAL OLACAK<\/strong><\/p>\n<p> Ole Gunnar Solskjaer, puan kaybettikleri ma\u00e7lar\u0131 da ayr\u0131nt\u0131l\u0131 bir halde tahlil etti. Norve\u00e7li \u00e7al\u0131\u015ft\u0131r\u0131c\u0131, 29 Mart&#8217;ta oynanacak derbide alaca\u011f\u0131 galibiyetle taraftarlara kendisini affettirmek istiyor.\u00a0<\/p>\n<p> D\u00f6nemi T\u00fcrkiye Ziraat Kupas\u0131 ile ta\u00e7land\u0131rmak isteyen SiyahBeyazl\u0131lar, S\u00fcper Lig&#8217;de de \u00fcst basamaklarda yer alarak \u00f6n\u00fcm\u00fczdeki d\u00f6neme daha moralli girmek istiyor.<\/p>\n<p> <strong>SOLSKJAER&#8217;\u0130N PERFORMANSI<\/strong><\/p>\n<p> Solskjaer, Be\u015fikta\u015f&#8217;\u0131n ba\u015f\u0131nda 11 ma\u00e7ta 7 galibiyet ve 3 yenilgi ald\u0131, 22 puan toplad\u0131.\u00a0<\/p>\n<\/div>\n<p><\/p>\n","protected":false},"excerpt":{"rendered":"<p>Bu d\u00f6nem g\u00f6sterdi\u011fi berbat performansla hayal k\u0131r\u0131kl\u0131\u011f\u0131 yaratan Be\u015fikta\u015f, Galatasaray derbisinde galibiyet alarak \u00fczerindeki bask\u0131y\u0131 k\u0131rmak istiyor.<\/p>\n","protected":false},"author":1,"featured_media":33842,"comment_status":"open","ping_status":"open","sticky":false,"template":"","format":"standard","meta":{"footnotes":""},"categories":[25],"tags":[],"class_list":["post-33841","post","type-post","status-publish","format-standard","has-post-thumbnail","hentry","category-futbol"],"_links":{"self":[{"href":"https:\/\/haberbesiktas.tr\/index.php?rest_route=\/wp\/v2\/posts\/33841","targetHints":{"allow":["GET"]}}],"collection":[{"href":"https:\/\/haberbesiktas.tr\/index.php?rest_route=\/wp\/v2\/posts"}],"about":[{"href":"https:\/\/haberbesiktas.tr\/index.php?rest_route=\/wp\/v2\/types\/post"}],"author":[{"embeddable":true,"href":"https:\/\/haberbesiktas.tr\/index.php?rest_route=\/wp\/v2\/users\/1"}],"replies":[{"embeddable":true,"href":"https:\/\/haberbesiktas.tr\/index.php?rest_route=%2Fwp%2Fv2%2Fcomments&post=33841"}],"version-history":[{"count":1,"href":"https:\/\/haberbesiktas.tr\/index.php?rest_route=\/wp\/v2\/posts\/33841\/revisions"}],"predecessor-version":[{"id":33843,"href":"https:\/\/haberbesiktas.tr\/index.php?rest_route=\/wp\/v2\/posts\/33841\/revisions\/33843"}],"wp:featuredmedia":[{"embeddable":true,"href":"https:\/\/haberbesiktas.tr\/index.php?rest_route=\/wp\/v2\/media\/33842"}],"wp:attachment":[{"href":"https:\/\/haberbesiktas.tr\/index.php?rest_route=%2Fwp%2Fv2%2Fmedia&parent=33841"}],"wp:term":[{"taxonomy":"category","embeddable":true,"href":"https:\/\/haberbesiktas.tr\/index.php?rest_route=%2Fwp%2Fv2%2Fcategories&post=33841"},{"taxonomy":"post_tag","embeddable":true,"href":"https:\/\/haberbesiktas.tr\/index.php?rest_route=%2Fwp%2Fv2%2Ftags&post=33841"}],"curies":[{"name":"wp","href":"https:\/\/api.w.org\/{rel}","templated":true}]}}