{"id":33850,"date":"2025-05-24T10:36:23","date_gmt":"2025-05-24T10:36:23","guid":{"rendered":"https:\/\/haberbesiktas.tr\/?p=33850"},"modified":"2025-05-24T10:36:23","modified_gmt":"2025-05-24T10:36:23","slug":"besiktasta-mustafa-erhana-ozel-ilgi","status":"publish","type":"post","link":"https:\/\/haberbesiktas.tr\/?p=33850","title":{"rendered":"Be\u015fikta\u015f&#8217;ta Mustafa Erhan&#8217;a \u00f6zel ilgi!"},"content":{"rendered":"<div>\n<p>Be\u015fikta\u015f Teknik Y\u00f6neticisi Ole Gunnar Solskjaer, 17 ya\u015f\u0131ndaki santrfor Mustafa Erhan Hekimo\u011flu&#8217;na bir kelam verdi.<\/p>\n<p> Norve\u00e7li \u00e7al\u0131\u015ft\u0131r\u0131c\u0131 Solskjaer Mustafa Hekimo\u011flu ile yak\u0131ndan ilgileniyor.\u00a0<\/p>\n<p> <strong>DAHA \u00c7OK M\u00dcHLET VERECEK<\/strong><\/p>\n<p> Norve\u00e7li \u00e7al\u0131\u015ft\u0131r\u0131c\u0131 ulusal orta sonras\u0131 17 ya\u015f\u0131ndaki golc\u00fcye birinci 11&#8217;de olmasa da d\u00f6nemin kalan k\u0131sm\u0131nda daha \u00e7ok m\u00fcddet verecek.<\/p>\n<p> <strong>PERFORMANSI<\/strong><\/p>\n<p> Bu d\u00f6nem Siyah-Beyazl\u0131 formayla 21 ma\u00e7a \u00e7\u0131kan gen\u00e7 oyuncu, yaln\u0131zca 2 m\u00fcsabakada birinci 11&#8217;de talih buldu. D\u00f6nem ba\u015f\u0131ndaki Harika Kupa finalinde Galatasaray&#8217;a att\u0131\u011f\u0131 gol, onun bu sezonki tek gol\u00fc oldu.\u00a0<\/p>\n<div>\u00a0<\/div>\n<\/div>\n<p><\/p>\n","protected":false},"excerpt":{"rendered":"<p>Be\u015fikta\u015f Teknik Y\u00f6neticisi Ole Gunnar Solskjaer, gen\u00e7 oyuncu Mustafa Erhan Hekimo\u011flu&#8217;na yak\u0131n ilgi g\u00f6steriyor.<\/p>\n","protected":false},"author":1,"featured_media":33851,"comment_status":"open","ping_status":"open","sticky":false,"template":"","format":"standard","meta":{"footnotes":""},"categories":[25],"tags":[],"class_list":["post-33850","post","type-post","status-publish","format-standard","has-post-thumbnail","hentry","category-futbol"],"_links":{"self":[{"href":"https:\/\/haberbesiktas.tr\/index.php?rest_route=\/wp\/v2\/posts\/33850","targetHints":{"allow":["GET"]}}],"collection":[{"href":"https:\/\/haberbesiktas.tr\/index.php?rest_route=\/wp\/v2\/posts"}],"about":[{"href":"https:\/\/haberbesiktas.tr\/index.php?rest_route=\/wp\/v2\/types\/post"}],"author":[{"embeddable":true,"href":"https:\/\/haberbesiktas.tr\/index.php?rest_route=\/wp\/v2\/users\/1"}],"replies":[{"embeddable":true,"href":"https:\/\/haberbesiktas.tr\/index.php?rest_route=%2Fwp%2Fv2%2Fcomments&post=33850"}],"version-history":[{"count":1,"href":"https:\/\/haberbesiktas.tr\/index.php?rest_route=\/wp\/v2\/posts\/33850\/revisions"}],"predecessor-version":[{"id":33852,"href":"https:\/\/haberbesiktas.tr\/index.php?rest_route=\/wp\/v2\/posts\/33850\/revisions\/33852"}],"wp:featuredmedia":[{"embeddable":true,"href":"https:\/\/haberbesiktas.tr\/index.php?rest_route=\/wp\/v2\/media\/33851"}],"wp:attachment":[{"href":"https:\/\/haberbesiktas.tr\/index.php?rest_route=%2Fwp%2Fv2%2Fmedia&parent=33850"}],"wp:term":[{"taxonomy":"category","embeddable":true,"href":"https:\/\/haberbesiktas.tr\/index.php?rest_route=%2Fwp%2Fv2%2Fcategories&post=33850"},{"taxonomy":"post_tag","embeddable":true,"href":"https:\/\/haberbesiktas.tr\/index.php?rest_route=%2Fwp%2Fv2%2Ftags&post=33850"}],"curies":[{"name":"wp","href":"https:\/\/api.w.org\/{rel}","templated":true}]}}