{"id":33856,"date":"2025-05-24T11:00:23","date_gmt":"2025-05-24T11:00:23","guid":{"rendered":"https:\/\/haberbesiktas.tr\/?p=33856"},"modified":"2025-05-24T11:00:23","modified_gmt":"2025-05-24T11:00:23","slug":"fenerbahce-vazgecmeye-hazir-edin-dzeko","status":"publish","type":"post","link":"https:\/\/haberbesiktas.tr\/?p=33856","title":{"rendered":"Fenerbah\u00e7e vazge\u00e7meye haz\u0131r; Edin Dzeko"},"content":{"rendered":"<div>Geldi\u011fi g\u00fcnden bu yana taraftarlar\u0131n sevgisini kazanan Edin Dzeko, d\u00f6nem sonunda s\u0131k\u0131nt\u0131 bir karar\u0131n e\u015fi\u011fine gelecek.<\/p>\n<p> Mukavelesi sona erecek olan 39 ya\u015f\u0131ndaki oyuncu, mesle\u011fine en az bir d\u00f6nem daha futbolcu olarak saha i\u00e7inde devam etmek istiyor. Y\u0131ll\u0131k 4.2 milyon Euro alan oyuncu ile Fenerbah\u00e7e idaresi 1 d\u00f6nem daha imza atmak i\u00e7in nab\u0131z yoklarken ligin bitiminin akabinde son karar verilecek.<\/p>\n<p> Fenerbah\u00e7e, d\u00f6nemin sonundaki duruma nazaran Dzeko&#8217;ya tekliften de vazge\u00e7ebilecek bir noktada.<\/p>\n<p> <span><strong>FENERBAH\u00c7E&#8217;N\u0130N YEN\u0130 TEKL\u0130F\u0130<\/strong><\/span><\/p>\n<p> Lakin Bo\u015fnak futbolcuya \u00f6b\u00fcr teklifler de bulunuyor. Sar\u0131-lacivertli idare, Dzeko&#8217;nun 4.2 milyon Euro&#8217;luk fiyat\u0131ndan b\u00fcy\u00fck bir indirim yapmas\u0131n\u0131 da isterken 3 milyon Euro d\u00fczeylerinde bir teklifte bulunacak.<\/p>\n<p> <span><strong>YEN\u0130 ROTA, YEN\u0130 KITA<\/strong><\/span><\/p>\n<p> Dzeko&#8217;ya Fenerbah\u00e7e&#8217;nin yan\u0131 s\u0131ra di\u011fer talipler de bulunuyor. \u00dclkesinden gelen teklifleri maddi olarak son s\u0131ralara b\u0131rakan Dzeko&#8217;nun akl\u0131n\u0131 \u00e7elebilecek teklifler ise ABD&#8217;den var.<\/p>\n<p> \u0130stanbul&#8217;daki hayat\u0131ndan ailesiyle bir arada \u00e7ok keyifli olan ve Fenerbah\u00e7e&#8217;nin resmi teklifini bekleyecek olan tecr\u00fcbeli forvet, ayr\u0131lmak istemese de mali olarak ortada b\u00fcy\u00fck bir fark olu\u015fursa MLS kul\u00fcplerinden gelen kontratlar\u0131 kabul edebilir.\u00a0<\/p>\n<\/div>\n<p><\/p>\n","protected":false},"excerpt":{"rendered":"<p>Fenerbah\u00e7e, g\u00f6r\u00fc\u015fmeleri erteledi\u011fi 39 ya\u015f\u0131ndaki forvetin 4.2 milyon Euro&#8217;luk kar\u0131ndan indirim bekliyor. Dzeko, \u0130stanbul&#8217;da kalmak isterken MLS&#8217;ten gelen kontratlarla ortada u\u00e7urum olursa Yeni K\u0131ta&#8217;ya gidebilir<\/p>\n","protected":false},"author":1,"featured_media":33857,"comment_status":"open","ping_status":"open","sticky":false,"template":"","format":"standard","meta":{"footnotes":""},"categories":[25],"tags":[115],"class_list":["post-33856","post","type-post","status-publish","format-standard","has-post-thumbnail","hentry","category-futbol","tag-fenerbahce"],"_links":{"self":[{"href":"https:\/\/haberbesiktas.tr\/index.php?rest_route=\/wp\/v2\/posts\/33856","targetHints":{"allow":["GET"]}}],"collection":[{"href":"https:\/\/haberbesiktas.tr\/index.php?rest_route=\/wp\/v2\/posts"}],"about":[{"href":"https:\/\/haberbesiktas.tr\/index.php?rest_route=\/wp\/v2\/types\/post"}],"author":[{"embeddable":true,"href":"https:\/\/haberbesiktas.tr\/index.php?rest_route=\/wp\/v2\/users\/1"}],"replies":[{"embeddable":true,"href":"https:\/\/haberbesiktas.tr\/index.php?rest_route=%2Fwp%2Fv2%2Fcomments&post=33856"}],"version-history":[{"count":1,"href":"https:\/\/haberbesiktas.tr\/index.php?rest_route=\/wp\/v2\/posts\/33856\/revisions"}],"predecessor-version":[{"id":33858,"href":"https:\/\/haberbesiktas.tr\/index.php?rest_route=\/wp\/v2\/posts\/33856\/revisions\/33858"}],"wp:featuredmedia":[{"embeddable":true,"href":"https:\/\/haberbesiktas.tr\/index.php?rest_route=\/wp\/v2\/media\/33857"}],"wp:attachment":[{"href":"https:\/\/haberbesiktas.tr\/index.php?rest_route=%2Fwp%2Fv2%2Fmedia&parent=33856"}],"wp:term":[{"taxonomy":"category","embeddable":true,"href":"https:\/\/haberbesiktas.tr\/index.php?rest_route=%2Fwp%2Fv2%2Fcategories&post=33856"},{"taxonomy":"post_tag","embeddable":true,"href":"https:\/\/haberbesiktas.tr\/index.php?rest_route=%2Fwp%2Fv2%2Ftags&post=33856"}],"curies":[{"name":"wp","href":"https:\/\/api.w.org\/{rel}","templated":true}]}}