{"id":33927,"date":"2025-05-24T15:36:14","date_gmt":"2025-05-24T15:36:14","guid":{"rendered":"https:\/\/haberbesiktas.tr\/?p=33927"},"modified":"2025-05-24T15:36:14","modified_gmt":"2025-05-24T15:36:14","slug":"brandon-clarke-sezonu-kapatti","status":"publish","type":"post","link":"https:\/\/haberbesiktas.tr\/?p=33927","title":{"rendered":"Brandon Clarke sezonu kapatt\u0131"},"content":{"rendered":"<div>Memphis Grizzlies forveti Brandon Clarke, sa\u011f dizindeki y\u00fcksek dereceli PCL (arka \u00e7apraz ba\u011f) y\u0131rt\u0131\u011f\u0131 nedeniyle d\u00f6nemin geri kalan\u0131nda forma giyemeyecek.<\/p>\n<p> \u00c7ar\u015famba g\u00fcn\u00fc Portland Trail Blazers&#8217;a kar\u015f\u0131 oynanan ma\u00e7ta sakatlanan Clarke, ge\u00e7ti\u011fimiz d\u00f6nemin sonlar\u0131na yanl\u0131\u015fs\u0131z da sol a\u015fil tendonunu koparm\u0131\u015ft\u0131.<\/p>\n<p> Bu d\u00f6nem sakatl\u0131ktan d\u00f6nd\u00fckten sonra 64 ma\u00e7a \u00e7\u0131kan ve 18.9 dakika ortalamayla 8.3 say\u0131, 5.1 ribaund \u00fcreten Clarke, 28 ya\u015f\u0131nda ve mevcut kontrat\u0131nda iki y\u0131l daha 25 milyon dolarl\u0131k \u00f6deme alacak.<\/p>\n<\/div>\n<p><\/p>\n","protected":false},"excerpt":{"rendered":"<p>Memphis Grizzlies forveti Brandon Clarke, sa\u011f dizindeki y\u00fcksek dereceli PCL (arka \u00e7apraz ba\u011f) y\u0131rt\u0131\u011f\u0131 nedeniyle d\u00f6nemin geri kalan\u0131nda forma giyemeyecek.<\/p>\n","protected":false},"author":1,"featured_media":33928,"comment_status":"open","ping_status":"open","sticky":false,"template":"","format":"standard","meta":{"footnotes":""},"categories":[10],"tags":[],"class_list":["post-33927","post","type-post","status-publish","format-standard","has-post-thumbnail","hentry","category-basketbol"],"_links":{"self":[{"href":"https:\/\/haberbesiktas.tr\/index.php?rest_route=\/wp\/v2\/posts\/33927","targetHints":{"allow":["GET"]}}],"collection":[{"href":"https:\/\/haberbesiktas.tr\/index.php?rest_route=\/wp\/v2\/posts"}],"about":[{"href":"https:\/\/haberbesiktas.tr\/index.php?rest_route=\/wp\/v2\/types\/post"}],"author":[{"embeddable":true,"href":"https:\/\/haberbesiktas.tr\/index.php?rest_route=\/wp\/v2\/users\/1"}],"replies":[{"embeddable":true,"href":"https:\/\/haberbesiktas.tr\/index.php?rest_route=%2Fwp%2Fv2%2Fcomments&post=33927"}],"version-history":[{"count":1,"href":"https:\/\/haberbesiktas.tr\/index.php?rest_route=\/wp\/v2\/posts\/33927\/revisions"}],"predecessor-version":[{"id":33929,"href":"https:\/\/haberbesiktas.tr\/index.php?rest_route=\/wp\/v2\/posts\/33927\/revisions\/33929"}],"wp:featuredmedia":[{"embeddable":true,"href":"https:\/\/haberbesiktas.tr\/index.php?rest_route=\/wp\/v2\/media\/33928"}],"wp:attachment":[{"href":"https:\/\/haberbesiktas.tr\/index.php?rest_route=%2Fwp%2Fv2%2Fmedia&parent=33927"}],"wp:term":[{"taxonomy":"category","embeddable":true,"href":"https:\/\/haberbesiktas.tr\/index.php?rest_route=%2Fwp%2Fv2%2Fcategories&post=33927"},{"taxonomy":"post_tag","embeddable":true,"href":"https:\/\/haberbesiktas.tr\/index.php?rest_route=%2Fwp%2Fv2%2Ftags&post=33927"}],"curies":[{"name":"wp","href":"https:\/\/api.w.org\/{rel}","templated":true}]}}