{"id":33930,"date":"2025-05-24T15:48:17","date_gmt":"2025-05-24T15:48:17","guid":{"rendered":"https:\/\/haberbesiktas.tr\/?p=33930"},"modified":"2025-05-24T15:48:17","modified_gmt":"2025-05-24T15:48:17","slug":"sabonis-parkelere-beklenenden-erken-donebilir","status":"publish","type":"post","link":"https:\/\/haberbesiktas.tr\/?p=33930","title":{"rendered":"Sabonis parkelere beklenenden erken d\u00f6nebilir"},"content":{"rendered":"<div>Sacramento Kings forveti Domantas Sabonis, sa\u011f ayak bile\u011findeki sakatl\u0131ktan beklenenden daha s\u00fcratli g\u00fczelle\u015ferek bu gece Boston Celtics kar\u015f\u0131s\u0131nda alana \u00e7\u0131kabilir.<\/p>\n<p> Pazar g\u00fcn\u00fc yap\u0131lan idmanda tam tak\u0131m yer alan Sabonis, sakatl\u0131\u011f\u0131n birinci te\u015fhisinde 10 g\u00fcn uzak kalaca\u011f\u0131 a\u00e7\u0131klanm\u0131\u015ft\u0131. Lakin de\u011ferli bir d\u00fczg\u00fcnle\u015fme kaydeden y\u0131ld\u0131z oyuncunun alanlara daha erken d\u00f6nebilece\u011fi belirtildi.<\/p>\n<p> Hamstring sakatl\u0131\u011f\u0131 nedeniyle daha evvel de alt\u0131 ma\u00e7 ka\u00e7\u0131ran Sabonis, son 11 ma\u00e7\u0131n dokuzunda forma giyemedi.<\/p>\n<\/div>\n<p><\/p>\n","protected":false},"excerpt":{"rendered":"<p>Sacramento Kings forveti Domantas Sabonis, sa\u011f ayak bile\u011findeki sakatl\u0131ktan beklenenden daha s\u00fcratli g\u00fczelle\u015ferek bu gece Boston Celtics kar\u015f\u0131s\u0131nda alana \u00e7\u0131kabilir.<\/p>\n","protected":false},"author":1,"featured_media":33931,"comment_status":"open","ping_status":"open","sticky":false,"template":"","format":"standard","meta":{"footnotes":""},"categories":[10],"tags":[],"class_list":["post-33930","post","type-post","status-publish","format-standard","has-post-thumbnail","hentry","category-basketbol"],"_links":{"self":[{"href":"https:\/\/haberbesiktas.tr\/index.php?rest_route=\/wp\/v2\/posts\/33930","targetHints":{"allow":["GET"]}}],"collection":[{"href":"https:\/\/haberbesiktas.tr\/index.php?rest_route=\/wp\/v2\/posts"}],"about":[{"href":"https:\/\/haberbesiktas.tr\/index.php?rest_route=\/wp\/v2\/types\/post"}],"author":[{"embeddable":true,"href":"https:\/\/haberbesiktas.tr\/index.php?rest_route=\/wp\/v2\/users\/1"}],"replies":[{"embeddable":true,"href":"https:\/\/haberbesiktas.tr\/index.php?rest_route=%2Fwp%2Fv2%2Fcomments&post=33930"}],"version-history":[{"count":1,"href":"https:\/\/haberbesiktas.tr\/index.php?rest_route=\/wp\/v2\/posts\/33930\/revisions"}],"predecessor-version":[{"id":33932,"href":"https:\/\/haberbesiktas.tr\/index.php?rest_route=\/wp\/v2\/posts\/33930\/revisions\/33932"}],"wp:featuredmedia":[{"embeddable":true,"href":"https:\/\/haberbesiktas.tr\/index.php?rest_route=\/wp\/v2\/media\/33931"}],"wp:attachment":[{"href":"https:\/\/haberbesiktas.tr\/index.php?rest_route=%2Fwp%2Fv2%2Fmedia&parent=33930"}],"wp:term":[{"taxonomy":"category","embeddable":true,"href":"https:\/\/haberbesiktas.tr\/index.php?rest_route=%2Fwp%2Fv2%2Fcategories&post=33930"},{"taxonomy":"post_tag","embeddable":true,"href":"https:\/\/haberbesiktas.tr\/index.php?rest_route=%2Fwp%2Fv2%2Ftags&post=33930"}],"curies":[{"name":"wp","href":"https:\/\/api.w.org\/{rel}","templated":true}]}}