{"id":33933,"date":"2025-05-24T16:00:20","date_gmt":"2025-05-24T16:00:20","guid":{"rendered":"https:\/\/haberbesiktas.tr\/?p=33933"},"modified":"2025-05-24T16:00:20","modified_gmt":"2025-05-24T16:00:20","slug":"fenerbahcede-maximin-yerine-virginius","status":"publish","type":"post","link":"https:\/\/haberbesiktas.tr\/?p=33933","title":{"rendered":"Fenerbah\u00e7e&#8217;de Maximin yerine Virginius!"},"content":{"rendered":"<div>\n<p>Yeni d\u00f6nemin transfer \u00e7al\u0131\u015fmalar\u0131na t\u00fcm s\u00fcratiyle devam eden Fenerbah\u00e7e, d\u00f6rt koldan g\u00f6r\u00fc\u015fmelerini s\u00fcrd\u00fcr\u00fcyor.\u00a0<\/p>\n<p> Kaleci, forvet, orta saha ve kanat deste\u011fi d\u00fc\u015f\u00fcnen sar\u0131-lacivertlilerin kanat b\u00f6lgesine d\u00fc\u015f\u00fcnd\u00fc\u011f\u00fc birinci isim ise bonservisi Lille&#8217;de olan fakat Young Boys&#8217;ta kiral\u0131k olarak forma giyen Alan Virginius&#8230;<\/p>\n<p> <strong>SAINT MAXIMIN&#8217;\u0130N YER\u0130NE D\u00dc\u015e\u00dcN\u00dcL\u00dcYOR\u00a0<\/strong><\/p>\n<p> 22 ya\u015f\u0131ndaki oyuncu, teknik y\u00f6netici Jose Mourinho&#8217;yla dert ya\u015fayan ve d\u00f6nem sonunda bonservisi al\u0131nmayacak olan Allan Saint-Maximin&#8217;in yerine d\u00fc\u015f\u00fcn\u00fcl\u00fcyor.\u00a0<\/p>\n<p> Bir Frans\u0131z&#8217;\u0131n yerini di\u011fer bir Frans\u0131z&#8217;la doldurmak isteyen idare, sportif y\u00f6netici Branco&#8217;ya bu mevzuda yetkiyi verdi, Branco da Lille ve oyuncunun menajeriyle birinci temas\u0131 kurdu.<\/p>\n<p><strong>KASADAN \u00c7IKAN 2.5 M\u0130LYON EURO\u00a0<\/strong><\/p>\n<p> Piyasa k\u0131ymeti 3 milyon euro olan sa\u011f kanat oyuncusu i\u00e7in Fenerbah\u00e7e&#8217;nin kasas\u0131ndan \u00e7\u0131karmay\u0131 planlad\u0131\u011f\u0131 \u00f6l\u00e7\u00fc ise 2.5 milyon euro. Jose Mourinho, Virginius&#8217;tan y\u0131ld\u0131z yaratmay\u0131 hedefliyor.<\/p>\n<p> <strong>LILLE 4 M\u0130LYON EURO \u00d6DED\u0130<\/strong><\/p>\n<p> Lille, 2022 yaz transfer periyodunda Alan Virginius i\u00e7in Sochaux&#8217;a 4 milyon euro \u00f6dedi. Ge\u00e7en d\u00f6nemin ikinci yar\u0131s\u0131n\u0131 Clermont&#8217;ta kiral\u0131k olarak ge\u00e7iren 22 ya\u015f\u0131ndaki oyuncu, bu d\u00f6nem ba\u015f\u0131nda da Young Boys&#8217;a kiraland\u0131.<\/p>\n<p><strong>PERFORMANSI<\/strong><\/p>\n<p>Bu d\u00f6nem Young boys formas\u0131yla 34 ma\u00e7\u0131n 16&#8217;s\u0131nda birinci 11 oynayan Virginius, 7 gol 3 asistlik katk\u0131 sa\u011flad\u0131.<\/p>\n<\/div>\n<p><\/p>\n","protected":false},"excerpt":{"rendered":"<p>Fenerbah\u00e7e, Allan Saint-Maximin&#8217;in yerine Frans\u0131z kanat oyuncusu Alan Virginius&#8217;u tak\u0131m\u0131na katmak i\u00e7in harekete ge\u00e7ti.<\/p>\n","protected":false},"author":1,"featured_media":33934,"comment_status":"open","ping_status":"open","sticky":false,"template":"","format":"standard","meta":{"footnotes":""},"categories":[25],"tags":[131,57],"class_list":["post-33933","post","type-post","status-publish","format-standard","has-post-thumbnail","hentry","category-futbol","tag-milyon-euro","tag-sezon"],"_links":{"self":[{"href":"https:\/\/haberbesiktas.tr\/index.php?rest_route=\/wp\/v2\/posts\/33933","targetHints":{"allow":["GET"]}}],"collection":[{"href":"https:\/\/haberbesiktas.tr\/index.php?rest_route=\/wp\/v2\/posts"}],"about":[{"href":"https:\/\/haberbesiktas.tr\/index.php?rest_route=\/wp\/v2\/types\/post"}],"author":[{"embeddable":true,"href":"https:\/\/haberbesiktas.tr\/index.php?rest_route=\/wp\/v2\/users\/1"}],"replies":[{"embeddable":true,"href":"https:\/\/haberbesiktas.tr\/index.php?rest_route=%2Fwp%2Fv2%2Fcomments&post=33933"}],"version-history":[{"count":1,"href":"https:\/\/haberbesiktas.tr\/index.php?rest_route=\/wp\/v2\/posts\/33933\/revisions"}],"predecessor-version":[{"id":33935,"href":"https:\/\/haberbesiktas.tr\/index.php?rest_route=\/wp\/v2\/posts\/33933\/revisions\/33935"}],"wp:featuredmedia":[{"embeddable":true,"href":"https:\/\/haberbesiktas.tr\/index.php?rest_route=\/wp\/v2\/media\/33934"}],"wp:attachment":[{"href":"https:\/\/haberbesiktas.tr\/index.php?rest_route=%2Fwp%2Fv2%2Fmedia&parent=33933"}],"wp:term":[{"taxonomy":"category","embeddable":true,"href":"https:\/\/haberbesiktas.tr\/index.php?rest_route=%2Fwp%2Fv2%2Fcategories&post=33933"},{"taxonomy":"post_tag","embeddable":true,"href":"https:\/\/haberbesiktas.tr\/index.php?rest_route=%2Fwp%2Fv2%2Ftags&post=33933"}],"curies":[{"name":"wp","href":"https:\/\/api.w.org\/{rel}","templated":true}]}}