{"id":33948,"date":"2025-05-24T17:00:19","date_gmt":"2025-05-24T17:00:19","guid":{"rendered":"https:\/\/haberbesiktas.tr\/?p=33948"},"modified":"2025-05-24T17:00:19","modified_gmt":"2025-05-24T17:00:19","slug":"mourinhonun-forvet-cikmazi","status":"publish","type":"post","link":"https:\/\/haberbesiktas.tr\/?p=33948","title":{"rendered":"Mourinho&#8217;nun forvet \u00e7\u0131kmaz\u0131"},"content":{"rendered":"<div>Trendyol Harika Lig&#8217;e verilen ulusal ortada Bodrum FK ma\u00e7\u0131n\u0131n haz\u0131rl\u0131klar\u0131n\u0131 s\u00fcrd\u00fcren Fenerbah\u00e7e&#8217;de gol yollar\u0131 \u00e7izgisinde b\u00fcy\u00fck sorun var.<\/p>\n<p> D\u00f6neme 3 as forvetle ba\u015flayan Fenerbah\u00e7e&#8217;de \u015fu an bu ma\u00e7a haz\u0131rlanan tek isim devre ortas\u0131nda transfer edilen on numara Anderson Talisca&#8230;<\/p>\n<p> Portekizli teknik adam Jose Mourinho, \u00e7ift forvetten vazge\u00e7meyi d\u00fc\u015f\u00fcnm\u00fcyor lakin oyuncular\u0131n durumuna nazaran bu karar\u0131nda geri ad\u0131m atabilir.<\/p>\n<p> <span><strong>DZEKO&#8217;YA MASKE FORM\u00dcL\u00dc<\/strong><\/span><\/p>\n<p> Cenk, Japonya&#8217;ya transfer oldu. Youssef En-Nesyri ise Fas Ulusal Kadrosu&#8217;ndan ge\u00e7 d\u00f6necek. Ba\u015far\u0131l\u0131 golc\u00fc ma\u00e7a 24 saat kala gelecek, bu sebeple yedek olma ihtimali olduk\u00e7a fazla&#8230;<\/p>\n<p> <span><strong>DZEKO MASKEYLE OYNAYAB\u0130L\u0130R<\/strong><\/span><\/p>\n<p> 39 ya\u015f\u0131ndaki tecr\u00fcbeli forvet Edin Dzeko ise b\u00fcy\u00fck \u015fanss\u0131zl\u0131k ya\u015fad\u0131. Bosna Hersek Ulusal Ekibi&#8217;nin kaptan\u0131 olan ve tenkitlere kar\u015f\u0131n ulusal formay\u0131 b\u0131rakmayan Dzeko&#8217;nun Romanya ma\u00e7\u0131nda burnu k\u0131r\u0131ld\u0131. Kaptan, K\u0131br\u0131s Rum K\u0131sm\u0131 ma\u00e7\u0131nda riske edilmedi.<\/p>\n<p> K\u0131r\u0131k d\u0131\u015f\u0131nda g\u00f6z\u00fcn\u00fcn alt\u0131nda b\u00fcy\u00fck morluklar var. Maskeyle oynamas\u0131 bedellendiriliyor lakin son durumu uygun g\u00f6z\u00fckm\u00fcyor.\u00a0<\/p>\n<div>\u00a0<\/div>\n<\/div>\n<p><\/p>\n","protected":false},"excerpt":{"rendered":"<p>Bodrum ma\u00e7\u0131 \u00f6ncesi santrforda alarm var. Cenk Tosun Japonya&#8217;ya transfer oldu, Dzeko&#8217;nun burnu k\u0131r\u0131ld\u0131, En-Nesyri ise Fas&#8217;tan dinlenmeden d\u00f6necek. En haz\u0131r isim 10 numara Talisca&#8230;<\/p>\n","protected":false},"author":1,"featured_media":33949,"comment_status":"open","ping_status":"open","sticky":false,"template":"","format":"standard","meta":{"footnotes":""},"categories":[25],"tags":[],"class_list":["post-33948","post","type-post","status-publish","format-standard","has-post-thumbnail","hentry","category-futbol"],"_links":{"self":[{"href":"https:\/\/haberbesiktas.tr\/index.php?rest_route=\/wp\/v2\/posts\/33948","targetHints":{"allow":["GET"]}}],"collection":[{"href":"https:\/\/haberbesiktas.tr\/index.php?rest_route=\/wp\/v2\/posts"}],"about":[{"href":"https:\/\/haberbesiktas.tr\/index.php?rest_route=\/wp\/v2\/types\/post"}],"author":[{"embeddable":true,"href":"https:\/\/haberbesiktas.tr\/index.php?rest_route=\/wp\/v2\/users\/1"}],"replies":[{"embeddable":true,"href":"https:\/\/haberbesiktas.tr\/index.php?rest_route=%2Fwp%2Fv2%2Fcomments&post=33948"}],"version-history":[{"count":1,"href":"https:\/\/haberbesiktas.tr\/index.php?rest_route=\/wp\/v2\/posts\/33948\/revisions"}],"predecessor-version":[{"id":33950,"href":"https:\/\/haberbesiktas.tr\/index.php?rest_route=\/wp\/v2\/posts\/33948\/revisions\/33950"}],"wp:featuredmedia":[{"embeddable":true,"href":"https:\/\/haberbesiktas.tr\/index.php?rest_route=\/wp\/v2\/media\/33949"}],"wp:attachment":[{"href":"https:\/\/haberbesiktas.tr\/index.php?rest_route=%2Fwp%2Fv2%2Fmedia&parent=33948"}],"wp:term":[{"taxonomy":"category","embeddable":true,"href":"https:\/\/haberbesiktas.tr\/index.php?rest_route=%2Fwp%2Fv2%2Fcategories&post=33948"},{"taxonomy":"post_tag","embeddable":true,"href":"https:\/\/haberbesiktas.tr\/index.php?rest_route=%2Fwp%2Fv2%2Ftags&post=33948"}],"curies":[{"name":"wp","href":"https:\/\/api.w.org\/{rel}","templated":true}]}}