{"id":33951,"date":"2025-05-24T17:12:20","date_gmt":"2025-05-24T17:12:20","guid":{"rendered":"https:\/\/haberbesiktas.tr\/?p=33951"},"modified":"2025-05-24T17:12:20","modified_gmt":"2025-05-24T17:12:20","slug":"besiktas-ve-galatasaray-transferde-karsi-karsiya-reguilon","status":"publish","type":"post","link":"https:\/\/haberbesiktas.tr\/?p=33951","title":{"rendered":"Be\u015fikta\u015f ve Galatasaray transferde kar\u015f\u0131 kar\u015f\u0131ya: Reguilon"},"content":{"rendered":"<div>\n<p>S\u00fcper Lig&#8217;deki ezeli rakipler Be\u015fikta\u015f ve Galatasaray transferde kar\u015f\u0131 kar\u015f\u0131ya gelebilir.<\/p>\n<p> Estadio Deportivo&#8217;da yer alan habere nazaran; ezeli rakipler Tottenham&#8217;da forma giyen Sergio Reguilon&#8217;u tak\u0131m\u0131na katmak istiyor.<\/p>\n<p> 28 ya\u015f\u0131ndaki oyuncu i\u00e7in Be\u015fikta\u015f&#8217;\u0131n evvelki transfer periyodunda te\u015febb\u00fcs\u00fc vard\u0131. Siyah beyazl\u0131lar, bu yaz tekrar transfer i\u00e7in harekete ge\u00e7ecek.<\/p>\n<p><strong>SKOR KATKISI YAPAMADI<\/strong><\/p>\n<p> Reguilon&#8217;un ekibi Tottenham&#8217;la d\u00f6nem sonunda kontrat\u0131 sona eriyor. Sergio Reguilon, bu d\u00f6nem toplamda 5 ma\u00e7a \u00e7\u0131karken, 242 dakika alanda kald\u0131. \u0130spanyol sol bek bu kar\u015f\u0131la\u015fmalarda skor katk\u0131s\u0131 yapamad\u0131.\u00a0<\/p>\n<\/div>\n<p><\/p>\n","protected":false},"excerpt":{"rendered":"<p>Tottenham formas\u0131 giyen Sergio Reguilon, Be\u015fikta\u015f ve Galatasaray&#8217;\u0131n transfer listesinde bulunuyor.<\/p>\n","protected":false},"author":1,"featured_media":33952,"comment_status":"open","ping_status":"open","sticky":false,"template":"","format":"standard","meta":{"footnotes":""},"categories":[25],"tags":[],"class_list":["post-33951","post","type-post","status-publish","format-standard","has-post-thumbnail","hentry","category-futbol"],"_links":{"self":[{"href":"https:\/\/haberbesiktas.tr\/index.php?rest_route=\/wp\/v2\/posts\/33951","targetHints":{"allow":["GET"]}}],"collection":[{"href":"https:\/\/haberbesiktas.tr\/index.php?rest_route=\/wp\/v2\/posts"}],"about":[{"href":"https:\/\/haberbesiktas.tr\/index.php?rest_route=\/wp\/v2\/types\/post"}],"author":[{"embeddable":true,"href":"https:\/\/haberbesiktas.tr\/index.php?rest_route=\/wp\/v2\/users\/1"}],"replies":[{"embeddable":true,"href":"https:\/\/haberbesiktas.tr\/index.php?rest_route=%2Fwp%2Fv2%2Fcomments&post=33951"}],"version-history":[{"count":1,"href":"https:\/\/haberbesiktas.tr\/index.php?rest_route=\/wp\/v2\/posts\/33951\/revisions"}],"predecessor-version":[{"id":33953,"href":"https:\/\/haberbesiktas.tr\/index.php?rest_route=\/wp\/v2\/posts\/33951\/revisions\/33953"}],"wp:featuredmedia":[{"embeddable":true,"href":"https:\/\/haberbesiktas.tr\/index.php?rest_route=\/wp\/v2\/media\/33952"}],"wp:attachment":[{"href":"https:\/\/haberbesiktas.tr\/index.php?rest_route=%2Fwp%2Fv2%2Fmedia&parent=33951"}],"wp:term":[{"taxonomy":"category","embeddable":true,"href":"https:\/\/haberbesiktas.tr\/index.php?rest_route=%2Fwp%2Fv2%2Fcategories&post=33951"},{"taxonomy":"post_tag","embeddable":true,"href":"https:\/\/haberbesiktas.tr\/index.php?rest_route=%2Fwp%2Fv2%2Ftags&post=33951"}],"curies":[{"name":"wp","href":"https:\/\/api.w.org\/{rel}","templated":true}]}}