{"id":33954,"date":"2025-05-24T17:24:19","date_gmt":"2025-05-24T17:24:19","guid":{"rendered":"https:\/\/haberbesiktas.tr\/?p=33954"},"modified":"2025-05-24T17:24:19","modified_gmt":"2025-05-24T17:24:19","slug":"ancelottiye-arda-guler-tepkisi","status":"publish","type":"post","link":"https:\/\/haberbesiktas.tr\/?p=33954","title":{"rendered":"Ancelotti&#8217;ye Arda G\u00fcler tepkisi!"},"content":{"rendered":"<div>\n<p>UEFA Uluslar Ligi&#8217;nde Macaristan&#8217;\u0131 eleyerek A Ligi&#8217;ne y\u00fckselen ulusallar, tarihi bir muvaffakiyete imza atarken gecenin en \u00e7ok konu\u015fulan isimlerinden birisi de Arda G\u00fcler oldu.<\/p>\n<p> Real Madrid formas\u0131 giyen ulusal futbolcumuz, Macaristan&#8217;a att\u0131\u011f\u0131 \u015f\u0131k golle dikkatleri \u00fczerine \u00e7ekerken Dominik Szobozslai ile de bir tansiyon ya\u015fad\u0131.<\/p>\n<p> <strong><em>Ma\u00e7 i\u00e7inde rakibiyle polemi\u011fe giren Arda G\u00fcler, ma\u00e7tan sonra \u015fu a\u00e7\u0131klamay\u0131 yapm\u0131\u015ft\u0131:<\/em><\/strong><\/p>\n<p> <strong>&#8220;Bizi birinci dakikalarda sert faullerle korkutmaya \u00e7al\u0131\u015ft\u0131lar. Lakin bilmiyorlar ki, T\u00fcrk formas\u0131 giyen hi\u00e7bir futbolcu bu t\u00fcrl\u00fc \u015feylerden korkmaz.&#8221;<\/strong><\/p>\n<p> <strong>ANCELOTTI&#8217;YE REAKS\u0130YON G\u00d6STERD\u0130LER<\/strong><\/p>\n<p> Real Madrid formas\u0131yla bu d\u00f6nem bekledi\u011fi forma bahtlar\u0131n\u0131 bulamayan Arda G\u00fcler i\u00e7in Real Madrid taraftarlar\u0131ndan Carlo Ancelotti&#8217;ye reaksiyon geldi.<\/p>\n<p> Macaristan ma\u00e7\u0131ndaki performans\u0131yla \u0130spanyollar\u0131n bir sefer daha g\u00f6z\u00fcne giren ulusal y\u0131ld\u0131z,<strong> &#8220;Ancelotti, Arda&#8217;y\u0131 neden g\u00f6rm\u00fcyorsun?&#8221;<\/strong> yorumlar\u0131n\u0131n yap\u0131lmas\u0131na neden oldu.\u00a0<\/p>\n<p> Bir\u00e7ok Real Madrid taraftar\u0131, toplumsal medyada Arda G\u00fcler&#8217;e baht verilmesi gerekti\u011fini savundu.<\/p>\n<p> <strong>&#8220;T\u00dcRK\u0130YE&#8217;N\u0130N L\u0130DER\u0130&#8221;<\/strong><\/p>\n<p> \u0130spanyol Gazetesi Marca, Macaristan ma\u00e7\u0131n\u0131n akabinde Arda G\u00fcler hakk\u0131nda <strong>&#8220;T\u00fcrkiye&#8217;nin lideri&#8221;<\/strong> yorumunda bulundu.\u00a0<\/p>\n<p> Arda G\u00fcler&#8217;in A Ulusal Kadro&#8217;da futbol karakterini ortaya koydu\u011fu belirtilirken saha i\u00e7erisinde grup arkada\u015flar\u0131na verdi\u011fi talimatlara da dikkat \u00e7ekildi.\u00a0<\/p>\n<p> Marca, &#8220;<strong>Arda G\u00fcler, son haftalarda hi\u00e7 baht bulamad\u0131\u011f\u0131 Real Madrid&#8217;de ulusal ortan\u0131n akabinde Carlo Ancelotti&#8217;nin kar\u015f\u0131s\u0131na daha dinamik bir futbolcu olarak \u00e7\u0131kacakt\u0131r&#8221;<\/strong> yorumunu yapt\u0131.<\/p>\n<\/div>\n<p><\/p>\n","protected":false},"excerpt":{"rendered":"<p>Arda G\u00fcler&#8217;in performans\u0131 sonras\u0131 Real Madrid taraftarlar\u0131, teknik y\u00f6netici Carlo Ancelotti&#8217;ye &#8220;Neden oynatm\u0131yorsun?&#8221; yans\u0131s\u0131n\u0131 g\u00f6sterdi.<\/p>\n","protected":false},"author":1,"featured_media":33955,"comment_status":"open","ping_status":"open","sticky":false,"template":"","format":"standard","meta":{"footnotes":""},"categories":[25],"tags":[866,270,364],"class_list":["post-33954","post","type-post","status-publish","format-standard","has-post-thumbnail","hentry","category-futbol","tag-arda-guler","tag-milli","tag-real-madrid"],"_links":{"self":[{"href":"https:\/\/haberbesiktas.tr\/index.php?rest_route=\/wp\/v2\/posts\/33954","targetHints":{"allow":["GET"]}}],"collection":[{"href":"https:\/\/haberbesiktas.tr\/index.php?rest_route=\/wp\/v2\/posts"}],"about":[{"href":"https:\/\/haberbesiktas.tr\/index.php?rest_route=\/wp\/v2\/types\/post"}],"author":[{"embeddable":true,"href":"https:\/\/haberbesiktas.tr\/index.php?rest_route=\/wp\/v2\/users\/1"}],"replies":[{"embeddable":true,"href":"https:\/\/haberbesiktas.tr\/index.php?rest_route=%2Fwp%2Fv2%2Fcomments&post=33954"}],"version-history":[{"count":1,"href":"https:\/\/haberbesiktas.tr\/index.php?rest_route=\/wp\/v2\/posts\/33954\/revisions"}],"predecessor-version":[{"id":33956,"href":"https:\/\/haberbesiktas.tr\/index.php?rest_route=\/wp\/v2\/posts\/33954\/revisions\/33956"}],"wp:featuredmedia":[{"embeddable":true,"href":"https:\/\/haberbesiktas.tr\/index.php?rest_route=\/wp\/v2\/media\/33955"}],"wp:attachment":[{"href":"https:\/\/haberbesiktas.tr\/index.php?rest_route=%2Fwp%2Fv2%2Fmedia&parent=33954"}],"wp:term":[{"taxonomy":"category","embeddable":true,"href":"https:\/\/haberbesiktas.tr\/index.php?rest_route=%2Fwp%2Fv2%2Fcategories&post=33954"},{"taxonomy":"post_tag","embeddable":true,"href":"https:\/\/haberbesiktas.tr\/index.php?rest_route=%2Fwp%2Fv2%2Ftags&post=33954"}],"curies":[{"name":"wp","href":"https:\/\/api.w.org\/{rel}","templated":true}]}}