{"id":33987,"date":"2025-05-24T19:36:13","date_gmt":"2025-05-24T19:36:13","guid":{"rendered":"https:\/\/haberbesiktas.tr\/?p=33987"},"modified":"2025-05-24T19:36:13","modified_gmt":"2025-05-24T19:36:13","slug":"otizmli-ikiz-milli-kayakcilar-fransada-madalya-pesinde","status":"publish","type":"post","link":"https:\/\/haberbesiktas.tr\/?p=33987","title":{"rendered":"Otizmli ikiz milli kayak\u00e7\u0131lar, Fransa&#8217;da madalya pe\u015finde"},"content":{"rendered":"<p>Erzurum&#8217;da ya\u015fayan otizmli ikiz ulusal kayak\u00e7\u0131lar Muhsin Murat ve Aliye Zeynep Bing\u00fcl, 1-4 Nisan&#8217;da Fransa&#8217;da d\u00fczenlenecek 2025 VIRTUS D\u00fcnya ve Avrupa \u015eampiyonas\u0131&#8217;nda madalya gayesiyle haz\u0131rlan\u0131yor.<\/p>\n<p> Erzurum B\u00f6lge Adliye Mahkemesi Cumhuriyet Ba\u015fsavc\u0131s\u0131 \u00dcnal Bing\u00fcl ve emekli m\u00fchendis e\u015fi Nesrin Kaya Bing\u00fcl&#8217;\u00fcn 21 ya\u015f\u0131ndaki otizmli ikiz \u00e7ocuklar\u0131 Muhsin Murat ve Aliye Zeynep Bing\u00fcl, aile dayana\u011f\u0131yla 3 ya\u015f\u0131nda cimnastik, 6 ya\u015f\u0131nda ise kayakla tan\u0131\u015ft\u0131.<\/p>\n<p> Muhsin Murat ve Aliye Zeynep Bing\u00fcl karde\u015fler, d\u00fcnyada ulusal sportmen olarak kayak kar\u015f\u0131la\u015fmalar\u0131na kat\u0131lan tek otizmli ikizler ve T\u00fcrkiye&#8217;nin tek lisansl\u0131 otizmli ikiz ulusal atletleri olarak biliniyor.<\/p>\n<p> Ulusal sportmenler, 1-4 Nisan&#8217;da Fransa&#8217;n\u0131n Tignes Kayak Merkezi&#8217;nde d\u00fczenlenecek 2025 VIRTUS D\u00fcnya ve Avrupa Kayak \u015eampiyonas\u0131&#8217;nda derece alabilmek i\u00e7in haz\u0131rl\u0131klar\u0131na Erzurum&#8217;da devam ediyor.<\/p>\n<p> Paland\u00f6ken Kayak Merkezi&#8217;nde \u00f6zel pistte kayak antren\u00f6rleri Osman Darel ve karde\u015fi Elkamer Darel e\u015fli\u011finde g\u00fcnde 4 saat kayak yapan ikizler, ak\u015famlar\u0131 da konutlar\u0131nda ko\u015fu band\u0131nda \u00e7al\u0131\u015f\u0131yor.<\/p>\n<p> &#8220;Gelecek vadeden en d\u00fczg\u00fcn \u00f6zel sportmen \u00f6d\u00fclleri&#8221; de bulunan \u00f6zel ikizler, \u015fampiyonadan madalyayla d\u00f6nmeyi hedefliyor.<\/p>\n<p> <strong>&#8211; Antren\u00f6r Osman Darel: &#8220;Hedefimiz \u015fampiyonluk&#8221;<\/strong><\/p>\n<p> Antren\u00f6r Osman Darel, AA muhabirine, a\u011f\u0131r otizmli olup a\u011f\u0131r bir sporu profesyonelce yapan sportmen olarak Zeynep ve Murat&#8217;\u0131n d\u00fcnyada tek olduklar\u0131n\u0131 s\u00f6yledi.<\/p>\n<p> Yar\u0131\u015ft\u0131klar\u0131 k\u00fcmelerde otizmli sportmenler bulundu\u011funu lakin otizm d\u00fczeylerinin Zeynep ve Murat kadar a\u011f\u0131r olmad\u0131\u011f\u0131na dikkat \u00e7eken Darel, \u015f\u00f6yle konu\u015ftu:<\/p>\n<p> &#8220;Ge\u00e7en sene Polonya&#8217;da Zeynep&#8217;in d\u00fcnya \u00fc\u00e7\u00fcnc\u00fcl\u00fc\u011f\u00fc ve Avrupa ikincili\u011fi, Murat&#8217;\u0131n da d\u00fcnya be\u015fincili\u011fi ve Avrupa d\u00f6rd\u00fcnc\u00fcl\u00fc\u011f\u00fc var. Zeynep ve Murat&#8217;\u0131n T\u00fcrkiye&#8217;de de \u00e7e\u015fitli dereceleri var. En son antrenman\u0131m\u0131z\u0131 28 Mart&#8217;ta yapaca\u011f\u0131z ve Tignes Kayak Merkezi&#8217;nde d\u00fczenlenecek \u015fampiyonaya kat\u0131laca\u011f\u0131z. Ge\u00e7en sene Polonya&#8217;da salise fark\u0131yla ka\u00e7\u0131rd\u0131\u011f\u0131m\u0131z alt\u0131n madalyay\u0131 in\u015fallah bu sene Fransa&#8217;da al\u0131p T\u00fcrkiye&#8217;ye d\u00f6nece\u011fiz. Gayemiz \u015fampiyonluk. Kar ya\u011f\u0131\u015f\u0131, tipi ve r\u00fczgar bizim i\u00e7in fark etmiyor. \u0130n\u015fallah bu \u00e7al\u0131\u015fmalar\u0131m\u0131z\u0131n meyvelerini Fransa&#8217;da alaca\u011f\u0131z.&#8221;<\/p>\n<p> Antren\u00f6r Elkamer Darel ise \u015fampiyona i\u00e7in 4 ayd\u0131r \u00e7al\u0131\u015fmalar\u0131n\u0131 a\u011f\u0131r bir formda s\u00fcrd\u00fcrd\u00fcklerini belirtti.<\/p>\n<p> \u0130dmanlara ailenin de b\u00fcy\u00fck katk\u0131s\u0131 oldu\u011funu aktaran Darel, &#8220;Verdi\u011fimiz emeklerin kar\u015f\u0131l\u0131\u011f\u0131n\u0131 ald\u0131\u011f\u0131m\u0131z vakit daha keyifli oluyoruz. Ba\u015f\u0131ndan beri inanc\u0131m\u0131z var. Ge\u00e7en sene \u00e7ocuklar saliselerle o madalyalar\u0131 ka\u00e7\u0131rd\u0131. Kar\u015f\u0131m\u0131zdaki rakipler g\u00fc\u00e7l\u00fc rakipler ve bizim \u00e7ocuklar\u0131m\u0131z a\u011f\u0131r otizmli. Kar\u015f\u0131m\u0131zda hafif otizmlilerle yar\u0131\u015f\u0131yoruz lakin buna kar\u015f\u0131n Fransa&#8217;dan kesinlikle bir galibiyet alaca\u011f\u0131z. Onun i\u00e7in de \u00e7abal\u0131yor ve emek veriyoruz. \u0130n\u015fallah ba\u015faraca\u011f\u0131z.&#8221; diye konu\u015ftu.<\/p>\n<p> Muhsin Murat Bing\u00fcl de &#8220;\u0130n\u015fallah Fransa&#8217;da \u015fampiyon olaca\u011f\u0131z. \u0130n\u015fallah T\u00fcrkiye&#8217;ye madalyay\u0131 getirece\u011fiz. Fransa&#8217;ya gidiyoruz, 6 Nisan&#8217;da Erzurum&#8217;a d\u00f6n\u00fcyoruz. \u015eampiyon olup geliyoruz.&#8221; tabirlerini kulland\u0131.<\/p>\n","protected":false},"excerpt":{"rendered":"<p>D\u00fcnyada ulusal atlet olarak kayak kar\u015f\u0131la\u015fmalar\u0131na kat\u0131lan tek otizmli ikizler olarak bilinen 21 ya\u015f\u0131ndaki Muhsin Murat ve Aliye Zeynep Bing\u00fcl, 1-4 Nisan&#8217;da Fransa&#8217;da d\u00fczenlenecek 2025 VIRTUS D\u00fcnya ve Avrupa \u015eampiyonas\u0131&#8217;nda madalya hedefliyor.<\/p>\n","protected":false},"author":1,"featured_media":33988,"comment_status":"open","ping_status":"open","sticky":false,"template":"","format":"standard","meta":{"footnotes":""},"categories":[27],"tags":[81,1215,2623,797,1277],"class_list":["post-33987","post","type-post","status-publish","format-standard","has-post-thumbnail","hentry","category-guncel-haberler","tag-kar","tag-kaya","tag-murat","tag-otizmli","tag-zeynep"],"_links":{"self":[{"href":"https:\/\/haberbesiktas.tr\/index.php?rest_route=\/wp\/v2\/posts\/33987","targetHints":{"allow":["GET"]}}],"collection":[{"href":"https:\/\/haberbesiktas.tr\/index.php?rest_route=\/wp\/v2\/posts"}],"about":[{"href":"https:\/\/haberbesiktas.tr\/index.php?rest_route=\/wp\/v2\/types\/post"}],"author":[{"embeddable":true,"href":"https:\/\/haberbesiktas.tr\/index.php?rest_route=\/wp\/v2\/users\/1"}],"replies":[{"embeddable":true,"href":"https:\/\/haberbesiktas.tr\/index.php?rest_route=%2Fwp%2Fv2%2Fcomments&post=33987"}],"version-history":[{"count":1,"href":"https:\/\/haberbesiktas.tr\/index.php?rest_route=\/wp\/v2\/posts\/33987\/revisions"}],"predecessor-version":[{"id":33989,"href":"https:\/\/haberbesiktas.tr\/index.php?rest_route=\/wp\/v2\/posts\/33987\/revisions\/33989"}],"wp:featuredmedia":[{"embeddable":true,"href":"https:\/\/haberbesiktas.tr\/index.php?rest_route=\/wp\/v2\/media\/33988"}],"wp:attachment":[{"href":"https:\/\/haberbesiktas.tr\/index.php?rest_route=%2Fwp%2Fv2%2Fmedia&parent=33987"}],"wp:term":[{"taxonomy":"category","embeddable":true,"href":"https:\/\/haberbesiktas.tr\/index.php?rest_route=%2Fwp%2Fv2%2Fcategories&post=33987"},{"taxonomy":"post_tag","embeddable":true,"href":"https:\/\/haberbesiktas.tr\/index.php?rest_route=%2Fwp%2Fv2%2Ftags&post=33987"}],"curies":[{"name":"wp","href":"https:\/\/api.w.org\/{rel}","templated":true}]}}