{"id":34014,"date":"2025-05-24T21:24:19","date_gmt":"2025-05-24T21:24:19","guid":{"rendered":"https:\/\/haberbesiktas.tr\/?p=34014"},"modified":"2025-05-24T21:24:19","modified_gmt":"2025-05-24T21:24:19","slug":"g-saraya-derbi-oncesi-fifadan-davinson-mujdesi","status":"publish","type":"post","link":"https:\/\/haberbesiktas.tr\/?p=34014","title":{"rendered":"G.Saray&#8217;a derbi \u00f6ncesi FIFA&#8217;dan Davinson m\u00fcjdesi"},"content":{"rendered":"<div>\n<p>2026 D\u00fcnya Kupas\u0131 G\u00fcney Amerika Elemeleri m\u00fcsabakas\u0131nda Brezilya ile Kolombiya, kar\u015f\u0131 kar\u015f\u0131ya geldi.<\/p>\n<p> Brezilya, \u00e7abay\u0131 Vinicius Junior&#8217;un gol\u00fcyle 1-0&#8217;l\u0131k skorla kazand\u0131.<\/p>\n<p><strong>NE OLMU\u015eTU?<\/strong><\/p>\n<p> Brezilya kalesinde ya\u015fanan konumda ileriye \u00e7\u0131kan Galatasaray&#8217;\u0131n y\u0131ld\u0131z stoperi Davinson Sanchez, konut sahibi tak\u0131m\u0131n kalecisi Alisson Becker ile \u00e7arp\u0131\u015fm\u0131\u015ft\u0131.\u00a0<\/p>\n<p> Oyundan al\u0131nan ve ba\u015f\u0131na darbe ald\u0131\u011f\u0131 i\u00e7in hekimlerin alana d\u00f6nmesine m\u00fcsaade etmedi\u011fi Davinson&#8217;un yerine Carlos Cuesta oyuna girmi\u015fti. Oyundan al\u0131nd\u0131\u011f\u0131 i\u00e7in sonlanan 28 ya\u015f\u0131ndaki savunmac\u0131 teknik tak\u0131ma reaksiyon g\u00f6stermi\u015fti.\u00a0<\/p>\n<p> <strong>FIFA M\u00dcSAADE VERM\u0130YOR<\/strong><\/p>\n<p> Kolombiya s\u0131radaki ma\u00e7\u0131n\u0131 ise 26 Mart \u00c7ar\u015famba g\u00fcn\u00fc Paraguay ile oynayacak. Birinci ma\u00e7ta ba\u015f\u0131na ald\u0131\u011f\u0131 darbe nedeniyle oyundan \u00e7\u0131kan Davinson Sanchez kurallar gere\u011fi bu ma\u00e7ta forma giyemeyecek.<\/p>\n<p><strong>7 G\u00dcN M\u00dcDDET GE\u00c7MEDEN FORMA G\u0130YEMEZ<\/strong><\/p>\n<p> FIFA ba\u015fa al\u0131nan darbeler nedeniyle oyuna devam edemeyen oyuncular i\u00e7in yedi g\u00fcnl\u00fck m\u00fcddet belirledi. Yedi g\u00fcn ge\u00e7meden tekrar forma giymesine m\u00fcsaade verilmiyor.\u00a0<\/p>\n<p> 20 Mart Per\u015fembe g\u00fcn\u00fc ba\u015f\u0131na darbe alan Kolombiyal\u0131 y\u0131ld\u0131z\u0131n 27 Mart Per\u015fembe g\u00fcn\u00fcne kadar forma giyemeyecek. Paraguay ma\u00e7\u0131 26 Mart \u00c7ar\u015famba oynanacak. Davinson&#8217;un g\u00fcn\u00fc ise 27 Mart Per\u015fembe g\u00fcn\u00fc sona eriyor. \u00d6te yandan Brezilya da Alisson Becker&#8217;i Liverpool&#8217;a kat\u0131lmas\u0131 i\u00e7in ulusal ekip kamp\u0131ndan g\u00f6nderdi.\u00a0<\/p>\n<p> <strong>DURUMU BEL\u0130RL\u0130 OLDU<\/strong><\/p>\n<p> Davinson Sanchez&#8217;in s\u0131hhat denetimleri de yap\u0131ld\u0131. Ulusal Ekip kamp\u0131nda yap\u0131lan muayene ve denetimlerde rastgele bir s\u0131k\u0131nt\u0131yla kar\u015f\u0131la\u015f\u0131lmad\u0131. <\/p>\n<p>Tak\u0131mla birlikte idmana da \u00e7\u0131kan Davinson Sanchez&#8217;in k\u0131sa m\u00fchlet i\u00e7erisinde T\u00fcrkiye&#8217;ye d\u00f6nerek Galatsaray ile antremanlar\u0131na devam etmesi bekleniyor.<\/p>\n<\/div>\n<p><\/p>\n","protected":false},"excerpt":{"rendered":"<p>Kolombiya&#8217;n\u0131n Paraguay ile oynayaca\u011f\u0131 ma\u00e7ta Galatasaray&#8217;\u0131n ba\u015far\u0131l\u0131 savunmac\u0131s\u0131 Davinson Sanchez, FIFA&#8217;n\u0131n yedi g\u00fcnl\u00fck protokol\u00fc nedeniyle forma giyemeyecek. Kolombiyal\u0131 y\u0131ld\u0131z\u0131n, k\u0131sa m\u00fcddet i\u00e7erisinde \u0130stanbul&#8217;a d\u00f6nmesi bekleniyor.<\/p>\n","protected":false},"author":1,"featured_media":34015,"comment_status":"open","ping_status":"open","sticky":false,"template":"","format":"standard","meta":{"footnotes":""},"categories":[25],"tags":[2743,2206],"class_list":["post-34014","post","type-post","status-publish","format-standard","has-post-thumbnail","hentry","category-futbol","tag-davinson","tag-mart"],"_links":{"self":[{"href":"https:\/\/haberbesiktas.tr\/index.php?rest_route=\/wp\/v2\/posts\/34014","targetHints":{"allow":["GET"]}}],"collection":[{"href":"https:\/\/haberbesiktas.tr\/index.php?rest_route=\/wp\/v2\/posts"}],"about":[{"href":"https:\/\/haberbesiktas.tr\/index.php?rest_route=\/wp\/v2\/types\/post"}],"author":[{"embeddable":true,"href":"https:\/\/haberbesiktas.tr\/index.php?rest_route=\/wp\/v2\/users\/1"}],"replies":[{"embeddable":true,"href":"https:\/\/haberbesiktas.tr\/index.php?rest_route=%2Fwp%2Fv2%2Fcomments&post=34014"}],"version-history":[{"count":1,"href":"https:\/\/haberbesiktas.tr\/index.php?rest_route=\/wp\/v2\/posts\/34014\/revisions"}],"predecessor-version":[{"id":34016,"href":"https:\/\/haberbesiktas.tr\/index.php?rest_route=\/wp\/v2\/posts\/34014\/revisions\/34016"}],"wp:featuredmedia":[{"embeddable":true,"href":"https:\/\/haberbesiktas.tr\/index.php?rest_route=\/wp\/v2\/media\/34015"}],"wp:attachment":[{"href":"https:\/\/haberbesiktas.tr\/index.php?rest_route=%2Fwp%2Fv2%2Fmedia&parent=34014"}],"wp:term":[{"taxonomy":"category","embeddable":true,"href":"https:\/\/haberbesiktas.tr\/index.php?rest_route=%2Fwp%2Fv2%2Fcategories&post=34014"},{"taxonomy":"post_tag","embeddable":true,"href":"https:\/\/haberbesiktas.tr\/index.php?rest_route=%2Fwp%2Fv2%2Ftags&post=34014"}],"curies":[{"name":"wp","href":"https:\/\/api.w.org\/{rel}","templated":true}]}}