{"id":34038,"date":"2025-05-24T23:00:12","date_gmt":"2025-05-24T23:00:12","guid":{"rendered":"https:\/\/haberbesiktas.tr\/?p=34038"},"modified":"2025-05-24T23:00:12","modified_gmt":"2025-05-24T23:00:12","slug":"13-ve-15-yas-alti-masa-tenisciler-avrupa-genclik-serisinin-kapadokya-ayaginda-birinci-oldu","status":"publish","type":"post","link":"https:\/\/haberbesiktas.tr\/?p=34038","title":{"rendered":"13 ve 15 ya\u015f alt\u0131 masa tenis\u00e7iler, Avrupa Gen\u00e7lik Serisi&#8217;nin Kapadokya aya\u011f\u0131nda birinci oldu"},"content":{"rendered":"<p>2025 Avrupa Masa Tenisi Gen\u00e7lik Serisi&#8217;nin Nev\u015fehir&#8217;de d\u00fczenlenen 2. aya\u011f\u0131nda T\u00fcrkiye&#8217;yi temsil eden sportmenler, 15 madalyayla kadroca \u015fampiyonlu\u011fa ula\u015ft\u0131.<\/p>\n<p> Nev\u015fehir Hac\u0131 Bekta\u015f Veli \u00dcniversitesi&#8217;nin spor salonu, 13 ve 15 ya\u015f alt\u0131 atletlerin \u00e7aba etti\u011fi tertibe konut sahipli\u011fi yapt\u0131.<\/p>\n<p> T\u00fcrkiye&#8217;den Kenan Kahraman (15 ya\u015f alt\u0131 tek erkekler), Ela Su Y\u00f6nter (13 ya\u015f alt\u0131 tek k\u0131zlar), Berat \u00d6zdemir (13 ya\u015f alt\u0131 tek erkekler), Nil Ba\u015faran ile Kenan Kahraman (15 ya\u015f alt\u0131 kar\u0131\u015f\u0131k \u00e7iftler) ve Belinay Davu\u015f ile Berat \u00d6zdemir (13 ya\u015f alt\u0131 kar\u0131\u015f\u0131k \u00e7iftler), alt\u0131n madalya kazand\u0131.<\/p>\n<p> Turnuvay\u0131 5 alt\u0131n, 2 g\u00fcm\u00fc\u015f ve 8 bronz madalyayla tamamlayan T\u00fcrk masa tenis\u00e7iler, kadro s\u0131ralamas\u0131n\u0131n tepesinde yer ald\u0131.<\/p>\n<p> \u00a0<\/p>\n","protected":false},"excerpt":{"rendered":"<p>2025 Avrupa Masa Tenisi Gen\u00e7lik Serisi&#8217;nin Nev\u015fehir&#8217;de d\u00fczenlenen 2. aya\u011f\u0131nda T\u00fcrkiye&#8217;yi temsil eden sportmenler, 15 madalyayla kadroca \u015fampiyon oldu.<\/p>\n","protected":false},"author":1,"featured_media":34039,"comment_status":"open","ping_status":"open","sticky":false,"template":"","format":"standard","meta":{"footnotes":""},"categories":[27],"tags":[],"class_list":["post-34038","post","type-post","status-publish","format-standard","has-post-thumbnail","hentry","category-guncel-haberler"],"_links":{"self":[{"href":"https:\/\/haberbesiktas.tr\/index.php?rest_route=\/wp\/v2\/posts\/34038","targetHints":{"allow":["GET"]}}],"collection":[{"href":"https:\/\/haberbesiktas.tr\/index.php?rest_route=\/wp\/v2\/posts"}],"about":[{"href":"https:\/\/haberbesiktas.tr\/index.php?rest_route=\/wp\/v2\/types\/post"}],"author":[{"embeddable":true,"href":"https:\/\/haberbesiktas.tr\/index.php?rest_route=\/wp\/v2\/users\/1"}],"replies":[{"embeddable":true,"href":"https:\/\/haberbesiktas.tr\/index.php?rest_route=%2Fwp%2Fv2%2Fcomments&post=34038"}],"version-history":[{"count":1,"href":"https:\/\/haberbesiktas.tr\/index.php?rest_route=\/wp\/v2\/posts\/34038\/revisions"}],"predecessor-version":[{"id":34040,"href":"https:\/\/haberbesiktas.tr\/index.php?rest_route=\/wp\/v2\/posts\/34038\/revisions\/34040"}],"wp:featuredmedia":[{"embeddable":true,"href":"https:\/\/haberbesiktas.tr\/index.php?rest_route=\/wp\/v2\/media\/34039"}],"wp:attachment":[{"href":"https:\/\/haberbesiktas.tr\/index.php?rest_route=%2Fwp%2Fv2%2Fmedia&parent=34038"}],"wp:term":[{"taxonomy":"category","embeddable":true,"href":"https:\/\/haberbesiktas.tr\/index.php?rest_route=%2Fwp%2Fv2%2Fcategories&post=34038"},{"taxonomy":"post_tag","embeddable":true,"href":"https:\/\/haberbesiktas.tr\/index.php?rest_route=%2Fwp%2Fv2%2Ftags&post=34038"}],"curies":[{"name":"wp","href":"https:\/\/api.w.org\/{rel}","templated":true}]}}