{"id":3404,"date":"2025-01-13T22:12:30","date_gmt":"2025-01-13T22:12:30","guid":{"rendered":"https:\/\/haberbesiktas.tr\/?p=3404"},"modified":"2025-01-13T22:12:30","modified_gmt":"2025-01-13T22:12:30","slug":"yabanci-varin-maliyeti-belli-oldu","status":"publish","type":"post","link":"https:\/\/haberbesiktas.tr\/?p=3404","title":{"rendered":"Yabanc\u0131 VAR&#8217;\u0131n maliyeti belli oldu!"},"content":{"rendered":"<div>T\u00fcrkiye Futbol Federasyonu (TFF), S\u00fcper Lig&#8217;de d\u00f6nemin ikinci yar\u0131s\u0131 i\u00e7in yabanc\u0131 VAR hakemi uygulamas\u0131na ge\u00e7ilece\u011fini a\u00e7\u0131klarken, yurt d\u0131\u015f\u0131ndan gelecek hakemlerin maliyetleri de ortaya \u00e7\u0131kt\u0131.<\/p>\n<p> HT Spor&#8217;da yer alan habere nazaran; yabanc\u0131 VAR hakemlerinin federasyona 5 ayl\u0131k maliyetinin yakla\u015f\u0131k 720 bin Euro olaca\u011f\u0131 belirtildi.<\/p>\n<p> <strong>AYLIK 18 B\u0130N EURO<\/strong><\/p>\n<p> Yabanc\u0131 VAR hakemlerin ortalama 2 bin euro maa\u015f alaca\u011f\u0131 belirtilirken, 9 hakemin ayl\u0131k maliyeti 18 bin euroyu buluyor.<\/p>\n<p> U\u00e7u\u015f maliyetleri, konaklama ve \u00f6teki masraflar\u0131n g\u00f6z\u00f6n\u00fcne al\u0131nmas\u0131yla 5 ay sonunda 720 bin euroluk bir faturan\u0131n ortaya \u00e7\u0131kaca\u011f\u0131 aktar\u0131ld\u0131.<\/p>\n<p> TFF, yabanc\u0131 VAR&#8217;\u0131n ligin ikinci yar\u0131s\u0131ndan itibaren kullan\u0131laca\u011f\u0131n\u0131 ge\u00e7ti\u011fimiz g\u00fcnlerde yapt\u0131\u011f\u0131 resmi duyuruyla a\u00e7\u0131klam\u0131\u015ft\u0131.<\/p>\n<\/div>\n","protected":false},"excerpt":{"rendered":"<p>T\u00fcrk futbolunda &#8216;yabanc\u0131 VAR&#8217; periyodu ge\u00e7en d\u00f6nemin akabinde yine ba\u015fl\u0131yor. Yabanc\u0131 VAR hakemlerinin TFF&#8217;ye maliyeti de belirli oldu.<\/p>\n","protected":false},"author":1,"featured_media":3405,"comment_status":"open","ping_status":"open","sticky":false,"template":"","format":"standard","meta":{"footnotes":""},"categories":[25],"tags":[],"class_list":["post-3404","post","type-post","status-publish","format-standard","has-post-thumbnail","hentry","category-futbol"],"_links":{"self":[{"href":"https:\/\/haberbesiktas.tr\/index.php?rest_route=\/wp\/v2\/posts\/3404","targetHints":{"allow":["GET"]}}],"collection":[{"href":"https:\/\/haberbesiktas.tr\/index.php?rest_route=\/wp\/v2\/posts"}],"about":[{"href":"https:\/\/haberbesiktas.tr\/index.php?rest_route=\/wp\/v2\/types\/post"}],"author":[{"embeddable":true,"href":"https:\/\/haberbesiktas.tr\/index.php?rest_route=\/wp\/v2\/users\/1"}],"replies":[{"embeddable":true,"href":"https:\/\/haberbesiktas.tr\/index.php?rest_route=%2Fwp%2Fv2%2Fcomments&post=3404"}],"version-history":[{"count":1,"href":"https:\/\/haberbesiktas.tr\/index.php?rest_route=\/wp\/v2\/posts\/3404\/revisions"}],"predecessor-version":[{"id":3406,"href":"https:\/\/haberbesiktas.tr\/index.php?rest_route=\/wp\/v2\/posts\/3404\/revisions\/3406"}],"wp:featuredmedia":[{"embeddable":true,"href":"https:\/\/haberbesiktas.tr\/index.php?rest_route=\/wp\/v2\/media\/3405"}],"wp:attachment":[{"href":"https:\/\/haberbesiktas.tr\/index.php?rest_route=%2Fwp%2Fv2%2Fmedia&parent=3404"}],"wp:term":[{"taxonomy":"category","embeddable":true,"href":"https:\/\/haberbesiktas.tr\/index.php?rest_route=%2Fwp%2Fv2%2Fcategories&post=3404"},{"taxonomy":"post_tag","embeddable":true,"href":"https:\/\/haberbesiktas.tr\/index.php?rest_route=%2Fwp%2Fv2%2Ftags&post=3404"}],"curies":[{"name":"wp","href":"https:\/\/api.w.org\/{rel}","templated":true}]}}