{"id":34057,"date":"2025-05-25T00:00:20","date_gmt":"2025-05-25T00:00:20","guid":{"rendered":"https:\/\/haberbesiktas.tr\/?p=34057"},"modified":"2025-05-25T00:00:20","modified_gmt":"2025-05-25T00:00:20","slug":"real-madrid-dario-sarici-kadrosuna-katmayi-dusunuyor","status":"publish","type":"post","link":"https:\/\/haberbesiktas.tr\/?p=34057","title":{"rendered":"Real Madrid, Dario Saric&#8217;i kadrosuna katmay\u0131 d\u00fc\u015f\u00fcn\u00fcyor"},"content":{"rendered":"<div>EuroLeague tak\u0131m\u0131 Real Madrid, yaz transfer devrinde tak\u0131m\u0131n\u0131 g\u00fc\u00e7lendirmek i\u00e7in Dario Saric&#8217;in transfer ihtimalini k\u0131ymetlendiriyor.<\/p>\n<p> \u0130spanyol bas\u0131n\u0131ndan Encestando&#8217;nun haberine nazaran, H\u0131rvat oyuncu Real Madrid&#8217;in transfer listesinde yer al\u0131yor ve kul\u00fcp, oyuncunun ekibe kat\u0131lma m\u00fcmk\u00fcnl\u00fc\u011f\u00fcn\u00fc inceliyor.<\/p>\n<p> Yeni d\u00f6neme y\u00f6nelik tak\u0131m planlamas\u0131n\u0131 s\u00fcrd\u00fcren Madrid tak\u0131m\u0131, transfer piyasas\u0131nda faal rol almaya devam ediyor. Aral\u0131k ay\u0131ndan bu yana <strong>Theo Maledon<\/strong> ile ileri seviyede g\u00f6r\u00fc\u015fmeler ger\u00e7ekle\u015ftiren ve <strong>Kramer&#8217;i<\/strong> tak\u0131m\u0131na katan Real Madrid, kontrat\u0131 d\u00f6nem sonunda bitecek olan <strong>Serge Ibaka&#8217;n\u0131n<\/strong> yerine bir oyuncu aray\u0131\u015f\u0131nda. <strong>Walter Tavares<\/strong> ve <strong>Bruno Fernando&#8217;nun<\/strong> pota alt\u0131nda misyon yapmas\u0131 nedeniyle, kul\u00fcp hem saf bir uzun hem de <strong>Usman<\/strong>\u00a0<strong>Garuba<\/strong> ile birlikte oynayabilecek, d\u0131\u015f \u015fut tehdidi olan bir oyuncu aray\u0131\u015f\u0131nda. Bu ba\u011flamda, Saric&#8217;in ismi g\u00fcndeme geldi.<\/p>\n<p> NBA&#8217;deki mesle\u011finin <strong>sonuna<\/strong> yakla\u015ft\u0131\u011f\u0131 d\u00fc\u015f\u00fcn\u00fclen Saric, menajerleri taraf\u0131ndan bir\u00e7ok EuroLeague grubuna \u00f6nerildi. Bu d\u00f6nem Denver Nuggets formas\u0131 giyen 30 ya\u015f\u0131ndaki oyuncu (Nisan ay\u0131n\u0131n ba\u015f\u0131nda 31 olacak), d\u00f6nemin birinci aylar\u0131nda \u00e7ok az m\u00fchlet buldu. 16 Ocak&#8217;tan bu yana ise sadece <strong>iki ma\u00e7ta<\/strong> forma giydi ve bu m\u00fcsabakalarda da ekseriyetle fark\u0131n a\u00e7\u0131ld\u0131\u011f\u0131 anlarda talih buldu.<\/p>\n<p> 2016-17 d\u00f6neminden bu yana NBA&#8217;de \u00e7aba eden ve 2.08 metre uzunlu\u011fundaki H\u0131rvat oyuncunun dakikalar\u0131, son \u00fc\u00e7 d\u00f6nemde bariz halde <strong>azald\u0131.<\/strong> Mesle\u011finin birinci be\u015f d\u00f6neminde de\u011ferli bir rol \u00fcstlenen Saric, ge\u00e7ti\u011fimiz y\u0131l <strong>Oklahoma City Thunder<\/strong> ve <strong>Golden State Warriors<\/strong> formalar\u0131 giyerken alanda ge\u00e7irdi\u011fi m\u00fchlet a\u00e7\u0131s\u0131ndan \u00f6nemli bir <strong>d\u00fc\u015f\u00fc\u015f<\/strong> ya\u015fad\u0131.<\/p>\n<p> \u00dc\u00e7 say\u0131 \u00e7izgisinin gerisinden meslek ortalamas\u0131 y\u00fczde 36 olan Saric, kimi d\u00f6nemlerde <strong>y\u00fczde 37 ile 39 aras\u0131nda<\/strong> de\u011fi\u015fen isabet oranlar\u0131 yakalad\u0131. Fakat bu d\u00f6nem <strong>y\u00fczde 26<\/strong> ile en d\u00fc\u015f\u00fck d\u00fczeyine geriledi. Ge\u00e7ti\u011fimiz yaz Nuggets ile <strong>10.6 milyon dolar<\/strong> pahas\u0131nda iki y\u0131ll\u0131k bir kontrat imzalayan Saric&#8217;in, yaz devrinde \u00f6zg\u00fcr b\u0131rak\u0131lma ihtimali bulunuyor.<\/p>\n<p> Encestando&#8217;nun haberine nazaran Real Madrid, d\u0131\u015f \u015futlarda ya\u015fad\u0131\u011f\u0131 badireleri gidermek gayesiyle \u015fut\u00f6r \u00f6zellikli oyunculara y\u00f6nelmi\u015f durumda. Bu do\u011frultuda Kramer&#8217;in transfer edilmesi ve Saric&#8217;in de bu profile uygun bir isim olarak k\u0131ymetlendirilmesi, kul\u00fcb\u00fcn transfer planlar\u0131n\u0131n bir mod\u00fcl\u00fc olarak g\u00f6r\u00fcl\u00fcyor.<\/p>\n<\/div>\n<p><\/p>\n","protected":false},"excerpt":{"rendered":"<p>EuroLeague grubu Real Madrid, yaz transfer devrinde tak\u0131m\u0131n\u0131 g\u00fc\u00e7lendirmek i\u00e7in Dario Saric&#8217;in transfer ihtimalini k\u0131ymetlendiriyor.<\/p>\n","protected":false},"author":1,"featured_media":34058,"comment_status":"open","ping_status":"open","sticky":false,"template":"","format":"standard","meta":{"footnotes":""},"categories":[10],"tags":[1086,49,57,48],"class_list":["post-34057","post","type-post","status-publish","format-standard","has-post-thumbnail","hentry","category-basketbol","tag-madrid","tag-oyuncu","tag-sezon","tag-transfer"],"_links":{"self":[{"href":"https:\/\/haberbesiktas.tr\/index.php?rest_route=\/wp\/v2\/posts\/34057","targetHints":{"allow":["GET"]}}],"collection":[{"href":"https:\/\/haberbesiktas.tr\/index.php?rest_route=\/wp\/v2\/posts"}],"about":[{"href":"https:\/\/haberbesiktas.tr\/index.php?rest_route=\/wp\/v2\/types\/post"}],"author":[{"embeddable":true,"href":"https:\/\/haberbesiktas.tr\/index.php?rest_route=\/wp\/v2\/users\/1"}],"replies":[{"embeddable":true,"href":"https:\/\/haberbesiktas.tr\/index.php?rest_route=%2Fwp%2Fv2%2Fcomments&post=34057"}],"version-history":[{"count":1,"href":"https:\/\/haberbesiktas.tr\/index.php?rest_route=\/wp\/v2\/posts\/34057\/revisions"}],"predecessor-version":[{"id":34059,"href":"https:\/\/haberbesiktas.tr\/index.php?rest_route=\/wp\/v2\/posts\/34057\/revisions\/34059"}],"wp:featuredmedia":[{"embeddable":true,"href":"https:\/\/haberbesiktas.tr\/index.php?rest_route=\/wp\/v2\/media\/34058"}],"wp:attachment":[{"href":"https:\/\/haberbesiktas.tr\/index.php?rest_route=%2Fwp%2Fv2%2Fmedia&parent=34057"}],"wp:term":[{"taxonomy":"category","embeddable":true,"href":"https:\/\/haberbesiktas.tr\/index.php?rest_route=%2Fwp%2Fv2%2Fcategories&post=34057"},{"taxonomy":"post_tag","embeddable":true,"href":"https:\/\/haberbesiktas.tr\/index.php?rest_route=%2Fwp%2Fv2%2Ftags&post=34057"}],"curies":[{"name":"wp","href":"https:\/\/api.w.org\/{rel}","templated":true}]}}