{"id":34060,"date":"2025-05-25T00:12:18","date_gmt":"2025-05-25T00:12:18","guid":{"rendered":"https:\/\/haberbesiktas.tr\/?p=34060"},"modified":"2025-05-25T00:12:18","modified_gmt":"2025-05-25T00:12:18","slug":"altay-teknik-ekibinden-vazgecmedi","status":"publish","type":"post","link":"https:\/\/haberbesiktas.tr\/?p=34060","title":{"rendered":"Altay teknik ekibinden vazge\u00e7medi"},"content":{"rendered":"<div>2&#8217;nci Lig Beyaz K\u00fcme&#8217;de ligden \u00e7ekilen son s\u0131radaki Afyonspor&#8217;un bir basamak \u00fcst\u00fcnde yer alan Altay, 3&#8217;\u00fcnc\u00fc Lig&#8217;e d\u00fc\u015fme tehlikesi ya\u015famas\u0131na kar\u015f\u0131n bu d\u00f6nem teknik tak\u0131m konusunda istikrar\u0131 se\u00e7ti. <\/p>\n<p>1&#8217;inci Lig&#8217;de k\u00fcme d\u00fc\u015ft\u00fc\u011f\u00fc ge\u00e7en d\u00f6nem Tuna \u00dcz\u00fcmc\u00fc, \u00d6zkan K\u0131l\u0131\u00e7, Djilali Bahloul, Serkan Afacan, Yusuf \u015eim\u015fek ve C\u00fcneyt Bi\u00e7er olmak \u00fczere 6 farkl\u0131 teknik y\u00f6neticiyle \u00e7al\u0131\u015fan Siyah-beyazl\u0131lar, bu d\u00f6nem Teknik Y\u00f6netici G\u00f6khan Karaaslan&#8217;dan vazge\u00e7medi. \u0130darenin d\u00f6nemi gen\u00e7 \u00e7al\u0131\u015ft\u0131r\u0131c\u0131 ile tamamlamay\u0131 planlad\u0131\u011f\u0131 \u00f6\u011frenilirken, taraftarlar\u0131n son olarak Alt\u0131nordu derbisi bitiminde istifaya davet etti\u011fi Karaaslan&#8217;\u0131n da pes etmeyi d\u00fc\u015f\u00fcnmedi\u011fi tabir edildi.<\/p>\n<p> Altay&#8217;\u0131n efsane isimlerinden Mustafa Denizli&#8217;nin uzun y\u0131llar yard\u0131mc\u0131 antren\u00f6rl\u00fc\u011f\u00fcn\u00fc yapan 31 ya\u015f\u0131ndaki Teknik Y\u00f6netici G\u00f6khan Karaaslan, ikinci teknik y\u00f6neticilik tecr\u00fcbesini ya\u015fad\u0131\u011f\u0131 Altay&#8217;\u0131n ba\u015f\u0131nda ligde 27 ma\u00e7ta 6 galibiyet, 3 beraberlik, 18 yenilgi ya\u015fad\u0131. K\u00fcmede yer alan 18 kadrodan yaln\u0131zca 3 grup d\u00f6nem ba\u015f\u0131ndan bu yana teknik y\u00f6netici de\u011fi\u015fimine gitmedi. Altay&#8217;\u0131n yan\u0131 s\u0131ra 8&#8217;inci s\u0131radaki K\u0131rklarelispor ve 9&#8217;uncu basamaktaki Fethiyespor teknik adam de\u011fi\u015fimine gitmedi. K\u0131rklareli grubunda Ahmet Duman, Fethiye temsilcisinde Selahaddin Din\u00e7el misyonlar\u0131na devam eden \u00f6teki iki teknik y\u00f6netici pozisyonunda.<\/p>\n<p> <strong>KUL\u00dcPLER\u0130N TEKN\u0130K Y\u00d6NET\u0130C\u0130 RAPORLARI<\/strong><\/p>\n<p> Sar\u0131yer: Kemal K\u0131l\u0131\u00e7, Mustafa Sar\u0131g\u00fcl.<\/p>\n<p> Batman Petrolspor: \u015eenol Fidan, Serdar Bozkurt.<\/p>\n<p> Kastamonuspor: Adem \u00c7a\u011flayan, Ergin Kele\u015f.<\/p>\n<p> Alt\u0131nordu: Olcay \u015eahan, Ersan Parlatan.<\/p>\n<p> Adana 01: Volkan Bekiro\u011flu, C\u00fcneyt Dumlup\u0131nar, Ali As\u0131m Balkaya, \u0130lker Avc\u0131bay.<\/p>\n<p> \u0130skenderunspor: G\u00fcrkan Aslan, Metin Akpunar.<\/p>\n<p> Beykoz Anadoluspor: Eren \u015eafak, Sinan Y\u00fccer<\/p>\n<p> K\u0131rklarelispor: Ahmet Duman.<\/p>\n<p> Fethiyespor: Selahaddin Din\u00e7el.<\/p>\n<p> 1461 Trabzon: Zafer Turan, Necip Emre Y\u0131lmaz, Muzaffer Bilazer<\/p>\n<p> 24Erzincanspor: G\u00f6khan \u00dcnal, Turgay \u0130lhan, G\u00f6khan \u00dcnal.<\/p>\n<p> Isparta 32 Spor: Fuat Buruk, Koray Palaz.<\/p>\n<p> \u0130neg\u00f6lspor: Sinan Y\u00fccer, Necati Erkmen, \u0130brahim Da\u011fa\u015fan.<\/p>\n<p> Ankaraspor: Muhammet Akag\u00fcnd\u00fcz, Mehmet Ak, Bahaddin G\u00fcne\u015f.<\/p>\n<p> Kepezspor: Sinan Pa\u015fal\u0131, Mesut Uyar, Kerem \u015eeras, Emin Pehlivanlar.<\/p>\n<p> Karak\u00f6pr\u00fc Belediyespor: \u0130brahim \u00dcl\u00fcm, Hasan \u015eahin Binbo\u011fa, Nihat Balan.<\/p>\n<p> Altay: G\u00f6khan Karaaslan.<\/p>\n<p> Afyonspor: Fatih \u015een, Atilla T\u00fcrk\u00f6z, Ahmet Cemalettin Cengiz, Turan Salt\u0131k.<\/p>\n<\/div>\n<p><\/p>\n","protected":false},"excerpt":{"rendered":"<p>Altay, 3&#8217;\u00fcnc\u00fc Lig&#8217;e d\u00fc\u015fme tehlikesi ya\u015famas\u0131na kar\u015f\u0131n bu d\u00f6nem teknik grup konusunda istikrar\u0131 se\u00e7ti<\/p>\n","protected":false},"author":1,"featured_media":34061,"comment_status":"open","ping_status":"open","sticky":false,"template":"","format":"standard","meta":{"footnotes":""},"categories":[25],"tags":[2746,51,57,478],"class_list":["post-34060","post","type-post","status-publish","format-standard","has-post-thumbnail","hentry","category-futbol","tag-gokhan","tag-lig","tag-sezon","tag-teknik-direktor"],"_links":{"self":[{"href":"https:\/\/haberbesiktas.tr\/index.php?rest_route=\/wp\/v2\/posts\/34060","targetHints":{"allow":["GET"]}}],"collection":[{"href":"https:\/\/haberbesiktas.tr\/index.php?rest_route=\/wp\/v2\/posts"}],"about":[{"href":"https:\/\/haberbesiktas.tr\/index.php?rest_route=\/wp\/v2\/types\/post"}],"author":[{"embeddable":true,"href":"https:\/\/haberbesiktas.tr\/index.php?rest_route=\/wp\/v2\/users\/1"}],"replies":[{"embeddable":true,"href":"https:\/\/haberbesiktas.tr\/index.php?rest_route=%2Fwp%2Fv2%2Fcomments&post=34060"}],"version-history":[{"count":1,"href":"https:\/\/haberbesiktas.tr\/index.php?rest_route=\/wp\/v2\/posts\/34060\/revisions"}],"predecessor-version":[{"id":34062,"href":"https:\/\/haberbesiktas.tr\/index.php?rest_route=\/wp\/v2\/posts\/34060\/revisions\/34062"}],"wp:featuredmedia":[{"embeddable":true,"href":"https:\/\/haberbesiktas.tr\/index.php?rest_route=\/wp\/v2\/media\/34061"}],"wp:attachment":[{"href":"https:\/\/haberbesiktas.tr\/index.php?rest_route=%2Fwp%2Fv2%2Fmedia&parent=34060"}],"wp:term":[{"taxonomy":"category","embeddable":true,"href":"https:\/\/haberbesiktas.tr\/index.php?rest_route=%2Fwp%2Fv2%2Fcategories&post=34060"},{"taxonomy":"post_tag","embeddable":true,"href":"https:\/\/haberbesiktas.tr\/index.php?rest_route=%2Fwp%2Fv2%2Ftags&post=34060"}],"curies":[{"name":"wp","href":"https:\/\/api.w.org\/{rel}","templated":true}]}}