{"id":34063,"date":"2025-05-25T00:24:16","date_gmt":"2025-05-25T00:24:16","guid":{"rendered":"https:\/\/haberbesiktas.tr\/?p=34063"},"modified":"2025-05-25T00:24:16","modified_gmt":"2025-05-25T00:24:16","slug":"umutlari-tukenen-nazillispor-genclerle-sahaya-cikacak","status":"publish","type":"post","link":"https:\/\/haberbesiktas.tr\/?p=34063","title":{"rendered":"Umutlar\u0131 t\u00fckenen Nazillispor gen\u00e7lerle sahaya \u00e7\u0131kacak"},"content":{"rendered":"<div><span>2&#8217;nci Lig K\u0131rm\u0131z\u0131 K\u00fcme&#8217;de son olarak meskeninde ba\u015fkan Serik Belediyespor&#8217;a 2-0 yenilerek k\u00fcmede kalma umutlar\u0131n\u0131 d\u00fczg\u00fcnce yitiren Nazillispor, gen\u00e7lerle alana \u00e7\u0131kma karar\u0131 ald\u0131.<\/p>\n<p>Mali olarak da g\u00fc\u00e7 g\u00fcnler ge\u00e7iren siyah-beyazl\u0131larda idare 4 tecr\u00fcbeli oyuncusuyla yollar\u0131n\u0131 ay\u0131rd\u0131. Al\u0131nan kararda kadro kaptanlar\u0131ndan Ta\u015fk\u0131n \u00c7al\u0131\u015f, Uygar Mert Zeybek, Zahit F\u0131nd\u0131k, Sel\u00e7uk Hakalmaz&#8217;a m\u00fcsaade verildi. Kalan 7 m\u00fcsabakay\u0131 gen\u00e7lerle oynayacak 13 puana sahip 17&#8217;nci s\u0131radaki Nazillispor&#8217;un kurtulu\u015f s\u0131n\u0131r\u0131yla ortas\u0131nda 8 puan fark bulunuyor.<\/span><\/div>\n<p><\/p>\n","protected":false},"excerpt":{"rendered":"<p>K\u00fcmede kalma umutlar\u0131n\u0131 g\u00fczelce yitiren Nazillispor, gen\u00e7lerle alana \u00e7\u0131kma karar\u0131 ald\u0131.<\/p>\n","protected":false},"author":1,"featured_media":34064,"comment_status":"open","ping_status":"open","sticky":false,"template":"","format":"standard","meta":{"footnotes":""},"categories":[25],"tags":[],"class_list":["post-34063","post","type-post","status-publish","format-standard","has-post-thumbnail","hentry","category-futbol"],"_links":{"self":[{"href":"https:\/\/haberbesiktas.tr\/index.php?rest_route=\/wp\/v2\/posts\/34063","targetHints":{"allow":["GET"]}}],"collection":[{"href":"https:\/\/haberbesiktas.tr\/index.php?rest_route=\/wp\/v2\/posts"}],"about":[{"href":"https:\/\/haberbesiktas.tr\/index.php?rest_route=\/wp\/v2\/types\/post"}],"author":[{"embeddable":true,"href":"https:\/\/haberbesiktas.tr\/index.php?rest_route=\/wp\/v2\/users\/1"}],"replies":[{"embeddable":true,"href":"https:\/\/haberbesiktas.tr\/index.php?rest_route=%2Fwp%2Fv2%2Fcomments&post=34063"}],"version-history":[{"count":1,"href":"https:\/\/haberbesiktas.tr\/index.php?rest_route=\/wp\/v2\/posts\/34063\/revisions"}],"predecessor-version":[{"id":34065,"href":"https:\/\/haberbesiktas.tr\/index.php?rest_route=\/wp\/v2\/posts\/34063\/revisions\/34065"}],"wp:featuredmedia":[{"embeddable":true,"href":"https:\/\/haberbesiktas.tr\/index.php?rest_route=\/wp\/v2\/media\/34064"}],"wp:attachment":[{"href":"https:\/\/haberbesiktas.tr\/index.php?rest_route=%2Fwp%2Fv2%2Fmedia&parent=34063"}],"wp:term":[{"taxonomy":"category","embeddable":true,"href":"https:\/\/haberbesiktas.tr\/index.php?rest_route=%2Fwp%2Fv2%2Fcategories&post=34063"},{"taxonomy":"post_tag","embeddable":true,"href":"https:\/\/haberbesiktas.tr\/index.php?rest_route=%2Fwp%2Fv2%2Ftags&post=34063"}],"curies":[{"name":"wp","href":"https:\/\/api.w.org\/{rel}","templated":true}]}}