{"id":34084,"date":"2025-05-25T01:48:18","date_gmt":"2025-05-25T01:48:18","guid":{"rendered":"https:\/\/haberbesiktas.tr\/?p=34084"},"modified":"2025-05-25T01:48:18","modified_gmt":"2025-05-25T01:48:18","slug":"goztepe-keskin-donemecte","status":"publish","type":"post","link":"https:\/\/haberbesiktas.tr\/?p=34084","title":{"rendered":"G\u00f6ztepe keskin d\u00f6neme\u00e7te"},"content":{"rendered":"<div>\n<p>S\u00fcper Lig&#8217;de 7 ma\u00e7t\u0131r kazanamayan ve ulusal ortaya galibiyet hasretiyle giren G\u00f6ztepe, \u00fcst \u00fcste \u00e7ok kuvvetli imtihanlara \u00e7\u0131kacak.\u00a0<\/p>\n<p> Sar\u0131-k\u0131rm\u0131z\u0131l\u0131lar 29&#8217;uncu hafta ma\u00e7\u0131nda cumartesi g\u00fcn\u00fc evvel Trabzonspor&#8217;la deplasmanda kar\u015f\u0131 kar\u015f\u0131ya gelecek.<\/p>\n<p> \u0130ki kadro da Avrupa kupalar\u0131na kat\u0131lma yolunda son derece k\u0131ymetli bir ma\u00e7 oynayacak. G\u00f6ztepe \u015fiddetli Trabzon deplasman\u0131n\u0131n akabinde bu defa Ziraat T\u00fcrkiye Kupas\u0131&#8217;nda \u00e7eyrek finalde Be\u015fikta\u015f&#8217;\u0131n konu\u011fu olacak.<\/p>\n<p> 3 Nisan Per\u015fembe g\u00fcn\u00fc \u0130stanbul&#8217;da oynanacak m\u00fcsabakay\u0131 kazanan \u00e7e\u015fidi ge\u00e7ip kupa yolunda ismini son 4 grup ortas\u0131na yar\u0131 finale yazd\u0131racak.\u00a0<\/p>\n<p> R\u00f6van\u015f\u0131 olmayan Be\u015fikta\u015f m\u00fcsabakas\u0131nda da alana mutlak galibiyet i\u00e7in \u00e7\u0131kacak G\u00f6ztepe, Avrupa i\u00e7in kupada da adeta yazg\u0131 m\u00fcsabakas\u0131 oynayacak.<\/p>\n<p> Evvel Trabzonspor akabinde Be\u015fikta\u015f deplasmanlar\u0131nda g\u00fczel sonu\u00e7lar almay\u0131 hedefleyen G\u00f6z-G\u00f6z&#8217;de bilhassa Trabzon deplasman\u0131 \u00f6ncesi de\u011ferli eksikler bulunuyor. Sakatl\u0131klar\u0131 s\u00fcren sol bek Djalma Silva, orta saha Isaac Solet ve stoper Koray G\u00fcrter&#8217;den yararlanamayacak sar\u0131-k\u0131rm\u0131z\u0131l\u0131larda 3 oyuncu da cezal\u0131. Evvelki hafta Ey\u00fcpspor ma\u00e7\u0131nda 4&#8217;\u00fcnc\u00fc sar\u0131 kartlar\u0131n\u0131 g\u00f6ren sol bek \u0130smail K\u00f6yba\u015f\u0131 ve savunma oyuncular\u0131 Miroshi ve Nielsen cumartesi g\u00fcn\u00fc alanda olmayacak.<\/p>\n<\/div>\n<p><\/p>\n","protected":false},"excerpt":{"rendered":"<p>S\u00fcper Lig&#8217;de 7 ma\u00e7t\u0131r kazanamayan G\u00f6ztepe, evvel Trabzonspor akabinde Be\u015fikta\u015f deplasman\u0131nda kritik bir imtihana \u00e7\u0131kacak.<\/p>\n","protected":false},"author":1,"featured_media":34085,"comment_status":"open","ping_status":"open","sticky":false,"template":"","format":"standard","meta":{"footnotes":""},"categories":[25],"tags":[],"class_list":["post-34084","post","type-post","status-publish","format-standard","has-post-thumbnail","hentry","category-futbol"],"_links":{"self":[{"href":"https:\/\/haberbesiktas.tr\/index.php?rest_route=\/wp\/v2\/posts\/34084","targetHints":{"allow":["GET"]}}],"collection":[{"href":"https:\/\/haberbesiktas.tr\/index.php?rest_route=\/wp\/v2\/posts"}],"about":[{"href":"https:\/\/haberbesiktas.tr\/index.php?rest_route=\/wp\/v2\/types\/post"}],"author":[{"embeddable":true,"href":"https:\/\/haberbesiktas.tr\/index.php?rest_route=\/wp\/v2\/users\/1"}],"replies":[{"embeddable":true,"href":"https:\/\/haberbesiktas.tr\/index.php?rest_route=%2Fwp%2Fv2%2Fcomments&post=34084"}],"version-history":[{"count":1,"href":"https:\/\/haberbesiktas.tr\/index.php?rest_route=\/wp\/v2\/posts\/34084\/revisions"}],"predecessor-version":[{"id":34086,"href":"https:\/\/haberbesiktas.tr\/index.php?rest_route=\/wp\/v2\/posts\/34084\/revisions\/34086"}],"wp:featuredmedia":[{"embeddable":true,"href":"https:\/\/haberbesiktas.tr\/index.php?rest_route=\/wp\/v2\/media\/34085"}],"wp:attachment":[{"href":"https:\/\/haberbesiktas.tr\/index.php?rest_route=%2Fwp%2Fv2%2Fmedia&parent=34084"}],"wp:term":[{"taxonomy":"category","embeddable":true,"href":"https:\/\/haberbesiktas.tr\/index.php?rest_route=%2Fwp%2Fv2%2Fcategories&post=34084"},{"taxonomy":"post_tag","embeddable":true,"href":"https:\/\/haberbesiktas.tr\/index.php?rest_route=%2Fwp%2Fv2%2Ftags&post=34084"}],"curies":[{"name":"wp","href":"https:\/\/api.w.org\/{rel}","templated":true}]}}