{"id":34090,"date":"2025-05-25T02:12:12","date_gmt":"2025-05-25T02:12:12","guid":{"rendered":"https:\/\/haberbesiktas.tr\/?p=34090"},"modified":"2025-05-25T02:12:12","modified_gmt":"2025-05-25T02:12:12","slug":"aticilik-sampiyonasinda-madalyalar-sahiplerini-buldu","status":"publish","type":"post","link":"https:\/\/haberbesiktas.tr\/?p=34090","title":{"rendered":"At\u0131c\u0131l\u0131k \u015eampiyonas\u0131&#8217;nda madalyalar sahiplerini buldu"},"content":{"rendered":"<p>\u00dcniversiteler Ortas\u0131 T\u00fcrkiye At\u0131c\u0131l\u0131k \u015eampiyonas\u0131, Sakarya&#8217;da d\u00fczenlendi.<\/p>\n<p> T\u00fcrkiye At\u0131c\u0131l\u0131k Federasyonunun a\u00e7\u0131klamas\u0131na nazaran, Sakarya \u00dcniversitesi&#8217;ndeki \u015fampiyona 10 metre haval\u0131 tabanca ve 10 metre haval\u0131 t\u00fcfek kategorilerinde ger\u00e7ekle\u015ftirildi.<\/p>\n<p> &#8220;\u00dcnilig&#8221; kapsam\u0131nda yap\u0131lan tertipte 34 \u00fcniversiteden 115 at\u0131c\u0131 \u00e7aba etti.<\/p>\n<p> T\u00fcrkiye \u00dcniversite Sporlar\u0131 Federasyonunun 2025 y\u0131l\u0131 faaliyet program\u0131nda yer alan \u015fampiyonada alt\u0131n madalya kazanan sportmenler \u015f\u00f6yle:<\/p>\n<p> <strong>&#8211; 10 metre haval\u0131 tabanca<\/strong><\/p>\n<p> Bayanlar: Seher Tokmak (Bolu Abant \u0130zzet Baysal \u00dcniversitesi)<\/p>\n<p> Erkekler: Adnan Efe U\u00e7ar (Ege \u00dcniversitesi)<\/p>\n<p> Bayanlar grup: Yasemin Beyza Y\u0131lmaz, \u0130layda I\u015f\u0131k \u00c7\u00fcr\u00fck, \u0130layda Demir (Gazi \u00dcniversitesi)<\/p>\n<p> Erkekler grup: Tunahan Tato\u011flu, Mustafa Melih Paksoy, Eren Bilal I\u015f\u0131k (Kahramanmara\u015f S\u00fct\u00e7\u00fc \u0130mam \u00dcniversitesi)<\/p>\n<p> <strong>&#8211; 10 metre haval\u0131 t\u00fcfek<\/strong>\u00a0<\/p>\n<p> Bayanlar: Elif Berfin Altun (Dicle \u00dcniversitesi)<\/p>\n<p> Erkekler: Galip Berat Afal (Erzincan Binali Y\u0131ld\u0131r\u0131m \u00dcniversitesi)\u00a0<\/p>\n<p> Bayanlar grup: Damla K\u00f6se, Elife Eda \u00c7\u0131nar, Elif G\u00fclcan Doludizgin (Erzurum Teknik \u00dcniversitesi)<\/p>\n<p> Erkekler kadro: Hasan Bilal \u00c7al\u0131\u015fkan, Ya\u015far Mert Saato\u011flu, Erkuthan Erhan (Milli Savunma \u00dcniversitesi)<\/p>\n","protected":false},"excerpt":{"rendered":"<p>\u00dcniversiteler Ortas\u0131 T\u00fcrkiye At\u0131c\u0131l\u0131k \u015eampiyonas\u0131, Sakarya&#8217;da yap\u0131ld\u0131.<\/p>\n","protected":false},"author":1,"featured_media":34091,"comment_status":"open","ping_status":"open","sticky":false,"template":"","format":"standard","meta":{"footnotes":""},"categories":[27],"tags":[2087],"class_list":["post-34090","post","type-post","status-publish","format-standard","has-post-thumbnail","hentry","category-guncel-haberler","tag-universitesi"],"_links":{"self":[{"href":"https:\/\/haberbesiktas.tr\/index.php?rest_route=\/wp\/v2\/posts\/34090","targetHints":{"allow":["GET"]}}],"collection":[{"href":"https:\/\/haberbesiktas.tr\/index.php?rest_route=\/wp\/v2\/posts"}],"about":[{"href":"https:\/\/haberbesiktas.tr\/index.php?rest_route=\/wp\/v2\/types\/post"}],"author":[{"embeddable":true,"href":"https:\/\/haberbesiktas.tr\/index.php?rest_route=\/wp\/v2\/users\/1"}],"replies":[{"embeddable":true,"href":"https:\/\/haberbesiktas.tr\/index.php?rest_route=%2Fwp%2Fv2%2Fcomments&post=34090"}],"version-history":[{"count":1,"href":"https:\/\/haberbesiktas.tr\/index.php?rest_route=\/wp\/v2\/posts\/34090\/revisions"}],"predecessor-version":[{"id":34092,"href":"https:\/\/haberbesiktas.tr\/index.php?rest_route=\/wp\/v2\/posts\/34090\/revisions\/34092"}],"wp:featuredmedia":[{"embeddable":true,"href":"https:\/\/haberbesiktas.tr\/index.php?rest_route=\/wp\/v2\/media\/34091"}],"wp:attachment":[{"href":"https:\/\/haberbesiktas.tr\/index.php?rest_route=%2Fwp%2Fv2%2Fmedia&parent=34090"}],"wp:term":[{"taxonomy":"category","embeddable":true,"href":"https:\/\/haberbesiktas.tr\/index.php?rest_route=%2Fwp%2Fv2%2Fcategories&post=34090"},{"taxonomy":"post_tag","embeddable":true,"href":"https:\/\/haberbesiktas.tr\/index.php?rest_route=%2Fwp%2Fv2%2Ftags&post=34090"}],"curies":[{"name":"wp","href":"https:\/\/api.w.org\/{rel}","templated":true}]}}