{"id":34093,"date":"2025-05-25T02:24:17","date_gmt":"2025-05-25T02:24:17","guid":{"rendered":"https:\/\/haberbesiktas.tr\/?p=34093"},"modified":"2025-05-25T02:24:17","modified_gmt":"2025-05-25T02:24:17","slug":"fenerbahceli-futbolcular-milli-takimlarinda-mucadele-etti","status":"publish","type":"post","link":"https:\/\/haberbesiktas.tr\/?p=34093","title":{"rendered":"Fenerbah\u00e7eli futbolcular milli tak\u0131mlar\u0131nda m\u00fccadele etti"},"content":{"rendered":"<div>\n<p>Feerbah\u00e7e&#8217;nin 13 futbolcusu ulusal gruplar\u0131nda misyon ald\u0131. T\u00fcrk oyunculardan Mert M\u00fcld\u00fcr, \u0130smail Y\u00fcksek, Yusuf Ak\u00e7i\u00e7ek, \u0130rfan Can Kahveci ve O\u011fuz Ayd\u0131n A Ulusal Futbol Grubu&#8217;nda forma terletti.\u00a0<\/p>\n<p> Sar\u0131-lacivertlilerin H\u0131rvat kalecisi Dominik Livakovic, Slovak oyuncusu Milan Skriniar, Bosna Hersek&#8217;ten Edin Dzeko, Polonya oyuncusu Szymanski, Fasl\u0131 oyuncular Youssef En-Nesyri ile orta saha Sofyan Amrabat, Nijerya&#8217;da Bright Osayi-Samuel ve Ganal\u0131 oyuncu Alexander Djiku \u00fclke ekiplerinin tak\u0131m\u0131na isimlerini yazd\u0131rd\u0131lar.<\/p>\n<p><strong>LIVAKOVIC, FRANSA KAR\u015eISINDA DAMGA VURDU<\/strong><\/p>\n<p> Fenerbah\u00e7e&#8217;nin H\u0131rvat kalecisi Dominik Livakovic, UEFA Uluslar Ligi&#8217;ne damga vuran kalecilerden biri oldu. Fransa kar\u015f\u0131s\u0131nda H\u0131rvatistan kalesini koruyan Livakovic bu ma\u00e7ta \u00fclkesini ayakta tutmaya \u00e7al\u0131\u015ft\u0131. \u0130ki ma\u00e7ta toplam 14 kurtar\u0131\u015f yapan file bek\u00e7isi penalt\u0131larda k\u00e2fi olamad\u0131. \u00d6te yandan bu ma\u00e7a damga vuran olaylardan biri ise cinsin 2&#8217;nci ma\u00e7\u0131nda Frans\u0131z y\u0131ld\u0131z Kylian Mbappe&#8217;nin bir konumda Livakovic&#8217;in topu ellerine almas\u0131na kar\u015f\u0131n diziyle m\u00fcdahalede bulunmas\u0131 oldu. M\u00fcdahale sonras\u0131 Livakovic k\u0131sa m\u00fcddetli sakatl\u0131k ya\u015fad\u0131. Mbappe, H\u0131rvat oyuncuyu kald\u0131rmaya \u00e7al\u0131\u015ft\u0131\u011f\u0131nda ise Livakovic Frans\u0131z y\u0131ld\u0131z\u0131 itti. Ba\u015far\u0131l\u0131 kaleci H\u0131rvat Ulusal Ekibi&#8217;nin favori oyuncusu se\u00e7ildi.<\/p>\n<p> <strong>DZEKO&#8217;NUN ULUSAL FORMAYLA BURNU KIRILDI<\/strong><\/p>\n<p> Bosna Hersek Ulusal Ekibi&#8217;nde 2026 D\u00fcnya Kupas\u0131 Avrupa Elemeleri&#8217;nde forma giyen Edin Dzeko, Romanya ile oynad\u0131\u011f\u0131 ma\u00e7ta burnuna ald\u0131\u011f\u0131 sert darbe sonras\u0131 ambulansla hastaneye kald\u0131r\u0131ld\u0131. Yap\u0131lan tetkiklerde burnunun k\u0131r\u0131ld\u0131\u011f\u0131 tespit edilen oyuncunun ameliyatl\u0131k bir durumunun olmad\u0131\u011f\u0131 tespit edildi.<\/p>\n<p> <strong>SZYMANSKI MA\u00c7IN OYUNCUSU SE\u00c7\u0130LD\u0130<\/strong><\/p>\n<p> 2026 D\u00fcnya Kupas\u0131 Avrupa elemelerinde Polonya formas\u0131 giyen Sebastian Szymanski birinci 11&#8217;de ba\u015flad\u0131\u011f\u0131 Litvanya m\u00fcsabakas\u0131nda 4 kilit pas verdi\u011fi m\u00fcsabakada ma\u00e7\u0131n oyuncusu se\u00e7ildi.<\/p>\n<p> <strong>SKRINIAR \u00c7ABAYI SONUNA KADAR BIRAKMADI<\/strong><\/p>\n<p> Fenerbah\u00e7e&#8217;nin Slovak stoperi Milan Skriniar, ma\u00e7a birinci 11&#8217;de ba\u015flad\u0131 ve gayrette 90 dakika alanda kald\u0131. UEFA Uluslar B Ligi k\u00fcmede kalma \u00e7abas\u0131 r\u00f6van\u015f ma\u00e7\u0131nda Slovenya uzatmalarda 1-0&#8217;l\u0131k skorla kazand\u0131. Bu ma\u00e7ta Fenerbah\u00e7e&#8217;nin Slovak stoperi Milan Skriniar birinci 11&#8217;de ba\u015flad\u0131 ve ma\u00e7\u0131n sonuna kadar \u00e7abay\u0131 b\u0131rakmad\u0131.<\/p>\n<p> <strong><em>Afrika&#8217;da k\u0131tas\u0131nda 2023 y\u0131l\u0131n\u0131n kas\u0131m ay\u0131nda ba\u015flayan 2026 D\u00fcnya Kupas\u0131 Elemeleri kapsam\u0131nda \u00fclkelerini temsil eden Osayi Samuel, Djiku En-Neysri ve Amrabat&#8217;\u0131n performanlar\u0131 ise \u015fu bi\u00e7imde;<br \/><\/em><\/strong><\/p>\n<p> Osayi Samuel, Nijerya Ulusal Ekibi&#8217;nde Galatasaray&#8217;\u0131n golc\u00fc y\u0131ld\u0131z\u0131 Osimhen ile birlikte birinci 11&#8217;de yer ald\u0131. Bu m\u00fcsabakada Fenerbah\u00e7e&#8217;nin ba\u015far\u0131l\u0131 oyuncusu Osayi, Ruanda-Nijerya ma\u00e7\u0131nda 77&#8217;nci Dakikada oyundan \u00e7\u0131kt\u0131.<\/p>\n<p> \u00d6te yandan Djiku, Gana Ulusal Grubu&#8217;nda 90 dakika vazife ald\u0131. Gana-\u00c7ad u\u011fra\u015f\u0131nda Djiku&#8217;nun ulusal kadrosu 5-0&#8217;l\u0131k net skorla kazand\u0131.<\/p>\n<p> Mourinho&#8217;nun birinci 11&#8217;inin vazge\u00e7ilmez Fasl\u0131 oyuncular\u0131 En-Neysri ve Amrabat ise baht bulmalar\u0131 halinde 26 Mart&#8217;ta Tanzanya ile oynanacak gayrette forma giyecekler. Bu m\u00fcsabakan\u0131n sonucu olarak T\u00fcrkiye&#8217;ye ge\u00e7 d\u00f6nmesi beklenen y\u0131ld\u0131z oyuncular Mourinho&#8217;nun taktik idman\u0131na yeti\u015femeyebilir.<\/p>\n<\/div>\n<p><\/p>\n","protected":false},"excerpt":{"rendered":"<p>Fenerbah\u00e7e&#8217;den tam 13 futbolcu ulusal ekiplerinde forma giydi.<\/p>\n","protected":false},"author":1,"featured_media":34094,"comment_status":"open","ping_status":"open","sticky":false,"template":"","format":"standard","meta":{"footnotes":""},"categories":[25],"tags":[623,2751,2749,49,2750],"class_list":["post-34093","post","type-post","status-publish","format-standard","has-post-thumbnail","hentry","category-futbol","tag-forma","tag-hirvat","tag-livakovic","tag-oyuncu","tag-oyuncusu"],"_links":{"self":[{"href":"https:\/\/haberbesiktas.tr\/index.php?rest_route=\/wp\/v2\/posts\/34093","targetHints":{"allow":["GET"]}}],"collection":[{"href":"https:\/\/haberbesiktas.tr\/index.php?rest_route=\/wp\/v2\/posts"}],"about":[{"href":"https:\/\/haberbesiktas.tr\/index.php?rest_route=\/wp\/v2\/types\/post"}],"author":[{"embeddable":true,"href":"https:\/\/haberbesiktas.tr\/index.php?rest_route=\/wp\/v2\/users\/1"}],"replies":[{"embeddable":true,"href":"https:\/\/haberbesiktas.tr\/index.php?rest_route=%2Fwp%2Fv2%2Fcomments&post=34093"}],"version-history":[{"count":1,"href":"https:\/\/haberbesiktas.tr\/index.php?rest_route=\/wp\/v2\/posts\/34093\/revisions"}],"predecessor-version":[{"id":34095,"href":"https:\/\/haberbesiktas.tr\/index.php?rest_route=\/wp\/v2\/posts\/34093\/revisions\/34095"}],"wp:featuredmedia":[{"embeddable":true,"href":"https:\/\/haberbesiktas.tr\/index.php?rest_route=\/wp\/v2\/media\/34094"}],"wp:attachment":[{"href":"https:\/\/haberbesiktas.tr\/index.php?rest_route=%2Fwp%2Fv2%2Fmedia&parent=34093"}],"wp:term":[{"taxonomy":"category","embeddable":true,"href":"https:\/\/haberbesiktas.tr\/index.php?rest_route=%2Fwp%2Fv2%2Fcategories&post=34093"},{"taxonomy":"post_tag","embeddable":true,"href":"https:\/\/haberbesiktas.tr\/index.php?rest_route=%2Fwp%2Fv2%2Ftags&post=34093"}],"curies":[{"name":"wp","href":"https:\/\/api.w.org\/{rel}","templated":true}]}}