{"id":34096,"date":"2025-05-25T02:36:19","date_gmt":"2025-05-25T02:36:19","guid":{"rendered":"https:\/\/haberbesiktas.tr\/?p=34096"},"modified":"2025-05-25T02:36:19","modified_gmt":"2025-05-25T02:36:19","slug":"kartal-kayra-yilmaz-solskjaer-ile-konustum","status":"publish","type":"post","link":"https:\/\/haberbesiktas.tr\/?p=34096","title":{"rendered":"Kartal Kayra Y\u0131lmaz: &#8221;Solskjaer ile konu\u015ftum&#8221;"},"content":{"rendered":"<div>\n<p>Kayserispor&#8217;un 24 ya\u015f\u0131ndaki oyuncusu Kartal Kayra Y\u0131lmaz, Radyospor&#8217;da \u00d6zg\u00fcr Sancar&#8217;\u0131n program\u0131nda gelece\u011fi hakk\u0131nda a\u00e7\u0131klamalarda bulundu.<\/p>\n<p> <strong><em>\u0130\u015fte Kartal Kayra&#8217;n\u0131n o a\u00e7\u0131klamalar\u0131;<\/em><\/strong><\/p>\n<p> <strong>&#8221;Kayserispor Lig&#8217;de Kalacak. Hepimiz \u0130nan\u0131yoruz&#8221;<\/strong><\/p>\n<p> Radyospor&#8217;da \u00d6zg\u00fcr Sancar&#8217;\u0131n canl\u0131 yay\u0131n konu\u011fu olan Kartal, <strong>&#8221;Gaziantep ma\u00e7\u0131nda oyunumuz ald\u0131\u011f\u0131m\u0131z skorun hakk\u0131 de\u011fildi. Kazanmay\u0131 hakettik. Bu pozisyonu haketmiyoruz. Hatayspor&#8217;u yenece\u011fiz. Onlardan daha d\u00fczg\u00fcn tak\u0131m\u0131z. Kayserispor ligde kalmay\u0131 ba\u015faracak. Burada herkes i\u015fini \u00e7ok severek yap\u0131yor. Hem saha i\u00e7i hem de saha d\u0131\u015f\u0131nda bir aile ortam\u0131 var. Benim bu gruba inanc\u0131m tam. Lig&#8217;de kalmay\u0131 ba\u015faraca\u011f\u0131z&#8221;<\/strong> dedi.\u00a0<\/p>\n<p> <strong>&#8221;Milli Grup&#8217;tan Davet Bekliyorum&#8221;<\/strong><\/p>\n<p> T\u00fcrk Ulusal kadrosunun \u00e7ok ba\u015far\u0131l\u0131 2 imtihan verdi\u011fini belirten Kartal Kayra Y\u0131lmaz, <strong>&#8221;Macaristan&#8217;dan \u00e7ok daha uygun bir ekip oldu\u011fumuzu g\u00f6sterdik. T\u00fcrk Ulusal kadrosu rakip kim olursa olsun, galibiyet i\u00e7in oynar. A Ulusal gruba \u00e7a\u011fr\u0131lmay\u0131 bekliyorum. 2-3 d\u00f6nemdir yeterli bir performans sergiledi\u011fimi d\u00fc\u015f\u00fcn\u00fcyorum. Ulusal davet gelmesini bekliyorum. Bunun i\u00e7in \u00e7ok \u00e7al\u0131\u015f\u0131yorum&#8221;<\/strong> halinde konu\u015ftu.<\/p>\n<p> <strong>&#8221;Solskjaer, Beni Takip Ettiklerini S\u00f6yledi. D\u00f6nem Sonunda Be\u015fikta\u015f&#8217;a D\u00f6n\u00fcyorum&#8221;<\/strong><\/p>\n<p> Gen\u00e7 futbolcu, <strong>&#8221;Ana hedefim Kayserispor&#8217;u ligde tutmak. Biz bu grubun kesin olarak ligde kalmas\u0131n\u0131 sa\u011flayaca\u011f\u0131z. Be\u015fikta\u015f&#8217;\u0131n futbolcusuyum, d\u00f6nem sonunda Be\u015fikta\u015f&#8217;a d\u00f6nece\u011fim. Sonras\u0131na bakaca\u011f\u0131z. Solskjaer karar\u0131 verir. Ola\u011fan ki Be\u015fikta\u015f teknik heyeti durumumu takip ediyor. Solskjaer ile bir ka\u00e7 defa konu\u015ftum. Be\u015fikta\u015f&#8217;la \u0130stanbul&#8217;da oynad\u0131\u011f\u0131m\u0131z ma\u00e7tan sonra bir konu\u015fma yapt\u0131k. &#8216;Bana takip edildi\u011fimi ve Be\u015fikta\u015f&#8217;\u0131n futbolcusu oldu\u011fumu&#8217; s\u00f6yledi&#8221;<\/strong> dedi.<\/p>\n<\/div>\n<p><\/p>\n","protected":false},"excerpt":{"rendered":"<p>Kayserispor&#8217;un orta saha oyuncusu Kartal Kayra Y\u0131lmaz, Radyospor&#8217;da \u00d6zg\u00fcr Sancar&#8217;\u0131n program\u0131nda gelece\u011fi hakk\u0131nda konu\u015ftu.<\/p>\n","protected":false},"author":1,"featured_media":34097,"comment_status":"open","ping_status":"open","sticky":false,"template":"","format":"standard","meta":{"footnotes":""},"categories":[25],"tags":[71,270,52],"class_list":["post-34096","post","type-post","status-publish","format-standard","has-post-thumbnail","hentry","category-futbol","tag-besiktas","tag-milli","tag-takim"],"_links":{"self":[{"href":"https:\/\/haberbesiktas.tr\/index.php?rest_route=\/wp\/v2\/posts\/34096","targetHints":{"allow":["GET"]}}],"collection":[{"href":"https:\/\/haberbesiktas.tr\/index.php?rest_route=\/wp\/v2\/posts"}],"about":[{"href":"https:\/\/haberbesiktas.tr\/index.php?rest_route=\/wp\/v2\/types\/post"}],"author":[{"embeddable":true,"href":"https:\/\/haberbesiktas.tr\/index.php?rest_route=\/wp\/v2\/users\/1"}],"replies":[{"embeddable":true,"href":"https:\/\/haberbesiktas.tr\/index.php?rest_route=%2Fwp%2Fv2%2Fcomments&post=34096"}],"version-history":[{"count":1,"href":"https:\/\/haberbesiktas.tr\/index.php?rest_route=\/wp\/v2\/posts\/34096\/revisions"}],"predecessor-version":[{"id":34098,"href":"https:\/\/haberbesiktas.tr\/index.php?rest_route=\/wp\/v2\/posts\/34096\/revisions\/34098"}],"wp:featuredmedia":[{"embeddable":true,"href":"https:\/\/haberbesiktas.tr\/index.php?rest_route=\/wp\/v2\/media\/34097"}],"wp:attachment":[{"href":"https:\/\/haberbesiktas.tr\/index.php?rest_route=%2Fwp%2Fv2%2Fmedia&parent=34096"}],"wp:term":[{"taxonomy":"category","embeddable":true,"href":"https:\/\/haberbesiktas.tr\/index.php?rest_route=%2Fwp%2Fv2%2Fcategories&post=34096"},{"taxonomy":"post_tag","embeddable":true,"href":"https:\/\/haberbesiktas.tr\/index.php?rest_route=%2Fwp%2Fv2%2Ftags&post=34096"}],"curies":[{"name":"wp","href":"https:\/\/api.w.org\/{rel}","templated":true}]}}