{"id":34117,"date":"2025-05-25T04:00:18","date_gmt":"2025-05-25T04:00:18","guid":{"rendered":"https:\/\/haberbesiktas.tr\/?p=34117"},"modified":"2025-05-25T04:00:18","modified_gmt":"2025-05-25T04:00:18","slug":"hakan-calhanoglu-bayern-munihe-bu-yuzden-gitmedim","status":"publish","type":"post","link":"https:\/\/haberbesiktas.tr\/?p=34117","title":{"rendered":"Hakan \u00c7alhano\u011flu: &#8220;Bayern M\u00fcnih&#8217;e bu y\u00fczden gitmedim!&#8221;"},"content":{"rendered":"<div>Inter formas\u0131 giyen Hakan \u00c7alhano\u011flu, \u0130talyan bas\u0131n\u0131ndan Sport Mediaset&#8217;e a\u00e7\u0131klamalarda bulundu.<\/p>\n<p> <strong>&#8220;BU Y\u00dcZDEN G\u0130TMED\u0130M&#8221;<\/strong><\/p>\n<p> Hakan \u00c7alhano\u011flu, ge\u00e7en yaz Bayern M\u00fcnih&#8217;in ilgisi ve Alman tak\u0131m\u0131na gitmemesiyle ilgili olarak, <strong>&#8220;Buradaki taraftarlar beni yaln\u0131zca bir oyuncu olarak de\u011fil, t\u0131pk\u0131 vakitte bir insan olarak da geli\u015ftirdi, daha fazla olgunla\u015ft\u0131m. Onlara her vakit te\u015fekk\u00fcr edece\u011fim. Yaln\u0131zca benim i\u00e7in de\u011fil, bizim i\u00e7in yapt\u0131klar\u0131 \u015feyi anlatamam, bunu yaln\u0131zca ya\u015fayabilirsiniz. \u00c7ok ho\u015f bir \u015fey ya\u015f\u0131yorum. Taraftarlar\u0131m\u0131z inan\u0131lmaz. Stadyumumuzda bize inan\u0131lmaz bir g\u00fc\u00e7 veriyorlar ve biz de onlara de\u011ferli bir \u015fey vermek, ya\u015fatmak istiyoruz. Ge\u00e7en yaz Bayern M\u00fcnih&#8217;e gitmememin sebebi onlar m\u0131yd\u0131, evet!&#8221;<\/strong> dedi.<\/p>\n<p> A\u00e7\u0131klamalar\u0131na devam eden ve Inter&#8217;de \u00e7ok fazla \u015fey kazanmak istedi\u011fini s\u00f6yleyen ulusal y\u0131ld\u0131z,<strong> &#8220;Inter&#8217;i katiyen en \u00e2l\u00e2 bi\u00e7imde temsil etmeye \u00e7al\u0131\u015f\u0131yoruz. B\u00fcy\u00fck bir sorumlulu\u011fumuz var ve bunun fark\u0131nday\u0131z. Her \u015feyi kazanmay\u0131 umuyoruz.&#8221;<\/strong> kelamlar\u0131n\u0131 sarf etti.<\/p>\n<p> <strong>BU D\u00d6NEM PERFORMANSI<\/strong><\/p>\n<p> Hakan \u00c7alhano\u011flu,<strong> &#8220;\u0130talya&#8217;da her \u015feyi kazand\u0131m, gayem \u015eampiyonlar Ligi&#8217;ni kazanmak. \u0130ki y\u0131l evvel final oynay\u0131p kaybetti\u011fimizi d\u00fc\u015f\u00fcn\u00fcrsek, hayalim yine final oynay\u0131p kazanmak ve tahminen Ballon d&#8217;Or&#8217;u kazanmak. Akabinde yine \u015fampiyon olmak da benim i\u00e7in de\u011ferli bir \u015fey.&#8221;<\/strong> diye konu\u015ftu.<\/p>\n<p> Inter&#8217;de bu d\u00f6nem 32 ma\u00e7ta m\u00fchlet bulan 31 ya\u015f\u0131ndaki orta saha oyuncusu, 9 gol att\u0131 ve 4 asist yapt\u0131.<\/p>\n<\/div>\n<p><\/p>\n","protected":false},"excerpt":{"rendered":"<p>Inter formas\u0131 giyen Hakan \u00c7alhano\u011flu, Bayern M\u00fcnih i\u00e7in bir transfer itiraf\u0131nda bulundu. Ulusal futbolcu, Bayern M\u00fcnih&#8217;e gitmeme nedeni olarak Inter taraftarlar\u0131n\u0131 g\u00f6sterdi.<\/p>\n","protected":false},"author":1,"featured_media":34118,"comment_status":"open","ping_status":"open","sticky":false,"template":"","format":"standard","meta":{"footnotes":""},"categories":[25],"tags":[],"class_list":["post-34117","post","type-post","status-publish","format-standard","has-post-thumbnail","hentry","category-futbol"],"_links":{"self":[{"href":"https:\/\/haberbesiktas.tr\/index.php?rest_route=\/wp\/v2\/posts\/34117","targetHints":{"allow":["GET"]}}],"collection":[{"href":"https:\/\/haberbesiktas.tr\/index.php?rest_route=\/wp\/v2\/posts"}],"about":[{"href":"https:\/\/haberbesiktas.tr\/index.php?rest_route=\/wp\/v2\/types\/post"}],"author":[{"embeddable":true,"href":"https:\/\/haberbesiktas.tr\/index.php?rest_route=\/wp\/v2\/users\/1"}],"replies":[{"embeddable":true,"href":"https:\/\/haberbesiktas.tr\/index.php?rest_route=%2Fwp%2Fv2%2Fcomments&post=34117"}],"version-history":[{"count":1,"href":"https:\/\/haberbesiktas.tr\/index.php?rest_route=\/wp\/v2\/posts\/34117\/revisions"}],"predecessor-version":[{"id":34119,"href":"https:\/\/haberbesiktas.tr\/index.php?rest_route=\/wp\/v2\/posts\/34117\/revisions\/34119"}],"wp:featuredmedia":[{"embeddable":true,"href":"https:\/\/haberbesiktas.tr\/index.php?rest_route=\/wp\/v2\/media\/34118"}],"wp:attachment":[{"href":"https:\/\/haberbesiktas.tr\/index.php?rest_route=%2Fwp%2Fv2%2Fmedia&parent=34117"}],"wp:term":[{"taxonomy":"category","embeddable":true,"href":"https:\/\/haberbesiktas.tr\/index.php?rest_route=%2Fwp%2Fv2%2Fcategories&post=34117"},{"taxonomy":"post_tag","embeddable":true,"href":"https:\/\/haberbesiktas.tr\/index.php?rest_route=%2Fwp%2Fv2%2Ftags&post=34117"}],"curies":[{"name":"wp","href":"https:\/\/api.w.org\/{rel}","templated":true}]}}