{"id":34137,"date":"2025-05-25T05:12:18","date_gmt":"2025-05-25T05:12:18","guid":{"rendered":"https:\/\/haberbesiktas.tr\/?p=34137"},"modified":"2025-05-25T05:12:18","modified_gmt":"2025-05-25T05:12:18","slug":"szczesny-barcelona-ile-nikah-tazelemeye-yakin","status":"publish","type":"post","link":"https:\/\/haberbesiktas.tr\/?p=34137","title":{"rendered":"Szczesny, Barcelona ile nikah tazelemeye yak\u0131n"},"content":{"rendered":"<div>Barcelona, deneyimli kaleci Wojciech Szczesny ile mukavele uzatma g\u00f6r\u00fc\u015fmelerine ba\u015flad\u0131.<\/p>\n<p> \u0130spanyol bas\u0131n\u0131ndan Cadena SER&#8217;in haberine nazaran taraflar, bir y\u0131ll\u0131k kontrat ve ek olarak bir d\u00f6nemlik uzatma opsiyonu \u00fczerinde m\u00fczakereler y\u00fcr\u00fct\u00fcyor. Mutabakat\u0131n sa\u011flanmas\u0131 konusunda rastgele bir p\u00fcr\u00fcz\u00fcn \u00e7\u0131kmas\u0131 beklenmiyor.<\/p>\n<p> <strong>BARCELONA VE SZCZESNY MUTABAKATA YAKIN<\/strong><\/p>\n<p> Blaugrana ile g\u00fc\u00e7l\u00fc bir ba\u011f kuran 34 ya\u015f\u0131ndaki kaleci, hem kul\u00fcp i\u00e7inde hem de kadro arkada\u015flar\u0131yla g\u00fczel bir alakaya sahip.<\/p>\n<p> Barcelona&#8217;da ya\u015famaktan keyifli oldu\u011fu belirtilen Szczesny, fizik\u00ee formuna da b\u00fcy\u00fck ehemmiyet veriyor. Oyuncuya yak\u0131n kaynaklar, deneyimli kalecinin Barcelona&#8217;ya transferinden bu yana 9 kilo kaybetti\u011fini ve fizik\u00ee olarak en g\u00fczel d\u00fczeyine ula\u015fmak i\u00e7in a\u011f\u0131r bir idman program\u0131 uygulad\u0131\u011f\u0131n\u0131 aktard\u0131.<\/p>\n<p> <strong>FLICK, SZCZESNY&#8217;N\u0130N PERFORMANSINDAN MEMNUN<\/strong><\/p>\n<p> Barcelona Teknik Y\u00f6neticisi Hans-Dieter Flick&#8217;in, Polonyal\u0131 kalecinin performans\u0131ndan hayli \u015fad oldu\u011fu tabir edildi. Flick&#8217;in, Szczesny&#8217;nin bilhassa son periyottaki istikrarl\u0131 performans\u0131n\u0131 ve liderlik \u00f6zelliklerini takdir etti\u011fi belirtilirken, kaleciye olan itimad\u0131n\u0131n tam oldu\u011fu vurguland\u0131.<\/p>\n<p><strong>PERFORMANSI<\/strong><\/p>\n<p>Bu d\u00f6nem Barcelona formas\u0131yla 16 ma\u00e7a \u00e7\u0131kan Szczesny, kalesinde 16 gol g\u00f6rd\u00fc ve 8 ma\u00e7ta rakiplere gol m\u00fcsaadesi vermedi.<\/p>\n<\/div>\n<p><\/p>\n","protected":false},"excerpt":{"rendered":"<p>Barcelona, Polonyal\u0131 kaleci Wojciech Szczesny ile yeni kontrat i\u00e7in m\u00fczakerelere ba\u015flad\u0131.<\/p>\n","protected":false},"author":1,"featured_media":34138,"comment_status":"open","ping_status":"open","sticky":false,"template":"","format":"standard","meta":{"footnotes":""},"categories":[25],"tags":[307,1720,2752],"class_list":["post-34137","post","type-post","status-publish","format-standard","has-post-thumbnail","hentry","category-futbol","tag-barcelona","tag-kaleci","tag-szczesny"],"_links":{"self":[{"href":"https:\/\/haberbesiktas.tr\/index.php?rest_route=\/wp\/v2\/posts\/34137","targetHints":{"allow":["GET"]}}],"collection":[{"href":"https:\/\/haberbesiktas.tr\/index.php?rest_route=\/wp\/v2\/posts"}],"about":[{"href":"https:\/\/haberbesiktas.tr\/index.php?rest_route=\/wp\/v2\/types\/post"}],"author":[{"embeddable":true,"href":"https:\/\/haberbesiktas.tr\/index.php?rest_route=\/wp\/v2\/users\/1"}],"replies":[{"embeddable":true,"href":"https:\/\/haberbesiktas.tr\/index.php?rest_route=%2Fwp%2Fv2%2Fcomments&post=34137"}],"version-history":[{"count":1,"href":"https:\/\/haberbesiktas.tr\/index.php?rest_route=\/wp\/v2\/posts\/34137\/revisions"}],"predecessor-version":[{"id":34139,"href":"https:\/\/haberbesiktas.tr\/index.php?rest_route=\/wp\/v2\/posts\/34137\/revisions\/34139"}],"wp:featuredmedia":[{"embeddable":true,"href":"https:\/\/haberbesiktas.tr\/index.php?rest_route=\/wp\/v2\/media\/34138"}],"wp:attachment":[{"href":"https:\/\/haberbesiktas.tr\/index.php?rest_route=%2Fwp%2Fv2%2Fmedia&parent=34137"}],"wp:term":[{"taxonomy":"category","embeddable":true,"href":"https:\/\/haberbesiktas.tr\/index.php?rest_route=%2Fwp%2Fv2%2Fcategories&post=34137"},{"taxonomy":"post_tag","embeddable":true,"href":"https:\/\/haberbesiktas.tr\/index.php?rest_route=%2Fwp%2Fv2%2Ftags&post=34137"}],"curies":[{"name":"wp","href":"https:\/\/api.w.org\/{rel}","templated":true}]}}