{"id":34140,"date":"2025-05-25T05:24:21","date_gmt":"2025-05-25T05:24:21","guid":{"rendered":"https:\/\/haberbesiktas.tr\/?p=34140"},"modified":"2025-05-25T05:24:21","modified_gmt":"2025-05-25T05:24:21","slug":"attila-szalaiden-irfan-can-kahveci-paylasimi","status":"publish","type":"post","link":"https:\/\/haberbesiktas.tr\/?p=34140","title":{"rendered":"Attila Szalai&#8217;den \u0130rfan Can Kahveci payla\u015f\u0131m\u0131"},"content":{"rendered":"<div>Fenerbah\u00e7e&#8217;nin eski oyuncusu Attila Szalai, Macaristan ile T\u00fcrkiye ortas\u0131nda oynanan ma\u00e7\u0131n akabinde bir payla\u015f\u0131m yapt\u0131.<\/p>\n<p>Payla\u015f\u0131mda eski kadro arkada\u015f\u0131 \u0130rfan Can Kahveci ile sar\u0131ld\u0131\u011f\u0131 bir foto\u011fraf\u0131 koyan Szalai, &#8220;Karde\u015fler&#8221; notuyla T\u00fcrk futbolcuya olan sevgisini tabir etti.\u00a0<\/p>\n<p><img decoding=\"async\" src=\"https:\/\/haberbesiktas.tr\/wp-content\/uploads\/2025\/05\/attila-szalaiden-irfan-can-kahveci-paylasimi-0-UOi8Tp95.jpg\"\/><\/p>\n<p>Bonservisi Hoffenheim&#8217;de bulunan Szalai, d\u00f6nem ba\u015f\u0131nda Bel\u00e7ika Pro Lig tak\u0131mlar\u0131ndan Standard Liege&#8217;e kiraland\u0131 ve Bel\u00e7ika grubunda 4 ma\u00e7ta forma giydi.\u00a0<\/p>\n<p>2020-21 d\u00f6neminin devre ortas\u0131nda G\u00fcney K\u0131br\u0131s tak\u0131m\u0131 Apollo Limassol&#8217;dan 3.8 milyon euro kar\u015f\u0131l\u0131\u011f\u0131nda Fenerbah\u00e7e&#8217;ye transfer olan Macar oyuncu, 2023-24 d\u00f6neminin yaz transfer devrinde Bundesliga tak\u0131m\u0131 Hoffenheim&#8217;a 12.3 milyon euro kar\u015f\u0131l\u0131\u011f\u0131nda transfer olmu\u015ftu.<\/p><\/div>\n<p><\/p>\n","protected":false},"excerpt":{"rendered":"<p>Fenerbah\u00e7e&#8217;nin eski oyuncusu Attila Szalai, Macaristan ile T\u00fcrkiye ortas\u0131nda oynanan ma\u00e7\u0131n akabinde payla\u015f\u0131mda bulundu.<\/p>\n","protected":false},"author":1,"featured_media":34141,"comment_status":"open","ping_status":"open","sticky":false,"template":"","format":"standard","meta":{"footnotes":""},"categories":[25],"tags":[],"class_list":["post-34140","post","type-post","status-publish","format-standard","has-post-thumbnail","hentry","category-futbol"],"_links":{"self":[{"href":"https:\/\/haberbesiktas.tr\/index.php?rest_route=\/wp\/v2\/posts\/34140","targetHints":{"allow":["GET"]}}],"collection":[{"href":"https:\/\/haberbesiktas.tr\/index.php?rest_route=\/wp\/v2\/posts"}],"about":[{"href":"https:\/\/haberbesiktas.tr\/index.php?rest_route=\/wp\/v2\/types\/post"}],"author":[{"embeddable":true,"href":"https:\/\/haberbesiktas.tr\/index.php?rest_route=\/wp\/v2\/users\/1"}],"replies":[{"embeddable":true,"href":"https:\/\/haberbesiktas.tr\/index.php?rest_route=%2Fwp%2Fv2%2Fcomments&post=34140"}],"version-history":[{"count":1,"href":"https:\/\/haberbesiktas.tr\/index.php?rest_route=\/wp\/v2\/posts\/34140\/revisions"}],"predecessor-version":[{"id":34143,"href":"https:\/\/haberbesiktas.tr\/index.php?rest_route=\/wp\/v2\/posts\/34140\/revisions\/34143"}],"wp:featuredmedia":[{"embeddable":true,"href":"https:\/\/haberbesiktas.tr\/index.php?rest_route=\/wp\/v2\/media\/34141"}],"wp:attachment":[{"href":"https:\/\/haberbesiktas.tr\/index.php?rest_route=%2Fwp%2Fv2%2Fmedia&parent=34140"}],"wp:term":[{"taxonomy":"category","embeddable":true,"href":"https:\/\/haberbesiktas.tr\/index.php?rest_route=%2Fwp%2Fv2%2Fcategories&post=34140"},{"taxonomy":"post_tag","embeddable":true,"href":"https:\/\/haberbesiktas.tr\/index.php?rest_route=%2Fwp%2Fv2%2Ftags&post=34140"}],"curies":[{"name":"wp","href":"https:\/\/api.w.org\/{rel}","templated":true}]}}