{"id":34144,"date":"2025-05-25T05:36:17","date_gmt":"2025-05-25T05:36:17","guid":{"rendered":"https:\/\/haberbesiktas.tr\/?p=34144"},"modified":"2025-05-25T05:36:17","modified_gmt":"2025-05-25T05:36:17","slug":"vedat-muriqiye-italyadan-talip","status":"publish","type":"post","link":"https:\/\/haberbesiktas.tr\/?p=34144","title":{"rendered":"Vedat Muriqi&#8217;ye \u0130talya&#8217;dan talip!"},"content":{"rendered":"<div>Mallorca formas\u0131 giyen Vedat Muriqi, sergiledi\u011fi performansla Torino&#8217;nun radar\u0131na girdi.<\/p>\n<p> \u0130talyan bas\u0131n\u0131nda yer alan habere nazaran, Torino&#8217;nun Vedat Muriqi ile ilgilendi\u011fi belirtildi. Gelecek d\u00f6nem i\u00e7in atak \u00e7izgisine destek planlayan Torino&#8217;nun, Muriqi&#8217;yi listesine ald\u0131\u011f\u0131 aktar\u0131ld\u0131.<\/p>\n<p> Yeni piyasa bedeli 8 milyon euro olarak g\u00f6sterilen 30 ya\u015f\u0131ndaki Vedat Muriqi&#8217;nin kul\u00fcb\u00fc Mallorca ile mukavelesi 2027 y\u0131l\u0131na kadar devam ediyor.<\/p>\n<p> Mallorca formas\u0131 alt\u0131nda bu d\u00f6nem 25 ma\u00e7ta m\u00fchlet bulan Vedat Muriqi, 7 gol att\u0131 ve 2 asist yapt\u0131.<\/p>\n<\/div>\n<p><\/p>\n","protected":false},"excerpt":{"rendered":"<p>Torino, Mallorca formas\u0131 giyen Vedat Muriqi ile ilgileniyor.<\/p>\n","protected":false},"author":1,"featured_media":34145,"comment_status":"open","ping_status":"open","sticky":false,"template":"","format":"standard","meta":{"footnotes":""},"categories":[25],"tags":[2753],"class_list":["post-34144","post","type-post","status-publish","format-standard","has-post-thumbnail","hentry","category-futbol","tag-muriqi"],"_links":{"self":[{"href":"https:\/\/haberbesiktas.tr\/index.php?rest_route=\/wp\/v2\/posts\/34144","targetHints":{"allow":["GET"]}}],"collection":[{"href":"https:\/\/haberbesiktas.tr\/index.php?rest_route=\/wp\/v2\/posts"}],"about":[{"href":"https:\/\/haberbesiktas.tr\/index.php?rest_route=\/wp\/v2\/types\/post"}],"author":[{"embeddable":true,"href":"https:\/\/haberbesiktas.tr\/index.php?rest_route=\/wp\/v2\/users\/1"}],"replies":[{"embeddable":true,"href":"https:\/\/haberbesiktas.tr\/index.php?rest_route=%2Fwp%2Fv2%2Fcomments&post=34144"}],"version-history":[{"count":1,"href":"https:\/\/haberbesiktas.tr\/index.php?rest_route=\/wp\/v2\/posts\/34144\/revisions"}],"predecessor-version":[{"id":34146,"href":"https:\/\/haberbesiktas.tr\/index.php?rest_route=\/wp\/v2\/posts\/34144\/revisions\/34146"}],"wp:featuredmedia":[{"embeddable":true,"href":"https:\/\/haberbesiktas.tr\/index.php?rest_route=\/wp\/v2\/media\/34145"}],"wp:attachment":[{"href":"https:\/\/haberbesiktas.tr\/index.php?rest_route=%2Fwp%2Fv2%2Fmedia&parent=34144"}],"wp:term":[{"taxonomy":"category","embeddable":true,"href":"https:\/\/haberbesiktas.tr\/index.php?rest_route=%2Fwp%2Fv2%2Fcategories&post=34144"},{"taxonomy":"post_tag","embeddable":true,"href":"https:\/\/haberbesiktas.tr\/index.php?rest_route=%2Fwp%2Fv2%2Ftags&post=34144"}],"curies":[{"name":"wp","href":"https:\/\/api.w.org\/{rel}","templated":true}]}}