{"id":34147,"date":"2025-05-25T05:48:18","date_gmt":"2025-05-25T05:48:18","guid":{"rendered":"https:\/\/haberbesiktas.tr\/?p=34147"},"modified":"2025-05-25T05:48:18","modified_gmt":"2025-05-25T05:48:18","slug":"yusuf-akcicek-daha-yeni-basliyorum","status":"publish","type":"post","link":"https:\/\/haberbesiktas.tr\/?p=34147","title":{"rendered":"Yusuf Ak\u00e7i\u00e7ek: &#8220;Daha yeni ba\u015fl\u0131yorum&#8221;"},"content":{"rendered":"<div>Fenerbah\u00e7e formas\u0131 giyen Yusuf Ak\u00e7i\u00e7ek, toplumsal medya hesab\u0131ndan dikkat \u00e7eken bir payla\u015f\u0131ma imza att\u0131.<\/p>\n<p> A Ulusal Futbol Ekibi&#8217;nin Macaristan ile oynad\u0131\u011f\u0131 ma\u00e7ta sonradan oyuna dahil olarak ay-y\u0131ld\u0131zl\u0131 formayla birinci sefer alana \u00e7\u0131kan 19 ya\u015f\u0131ndaki gen\u00e7 stoper, yapt\u0131\u011f\u0131 payla\u015f\u0131mda,<strong> &#8220;\u0130\u00e7imde bitmek bilmeyen bir heyecan, bu formayla alana at\u0131lan birinci ad\u0131m ve sonunda ger\u00e7ekle\u015fen bir \u00e7ocukluk hayali&#8230; Bug\u00fcn alana, yaln\u0131zca bir futbolcu olarak de\u011fil \u00e7ocukluk hayalinin pe\u015finde o tutkuyla yat\u0131p kalkan, dualar\u0131 kabul olan bir gen\u00e7 olarak \u00e7\u0131kt\u0131m. Kadro olarak ortaya koydu\u011fumuz gayret ve inan\u00e7la daima birlikte ba\u015fard\u0131k! Bu forman\u0131n hakk\u0131n\u0131 vermek, bu bayra\u011f\u0131 daima \u00fczerimde ta\u015f\u0131mak i\u00e7in daha yeni ba\u015fl\u0131yorum. Gururla, ad\u0131m ad\u0131m devam!&#8221;<\/strong> tabirlerini kulland\u0131.<\/p>\n<p> Payla\u015f\u0131m\u0131na T\u00fcrk bayra\u011f\u0131 emojisi de ekleyen Yusuf Ak\u00e7i\u00e7ek&#8217;in bu payla\u015f\u0131m\u0131 \u00e7ok say\u0131da be\u011feni ve yorum ald\u0131.<\/p>\n<p> Fenerbah\u00e7e&#8217;de bu d\u00f6nem 15 ma\u00e7ta m\u00fchlet bulan Yusuf Ak\u00e7i\u00e7ek, 2 defa gol sevinci ya\u015fad\u0131.<\/p>\n<\/div>\n<p><\/p>\n","protected":false},"excerpt":{"rendered":"<p>Macaristan ile oynanan r\u00f6van\u015f ma\u00e7\u0131nda birinci kere A Ulusal Futbol Ekibi&#8217;nin formas\u0131n\u0131 giyen Yusuf Ak\u00e7i\u00e7ek, bir payla\u015f\u0131m yapt\u0131.<\/p>\n","protected":false},"author":1,"featured_media":34148,"comment_status":"open","ping_status":"open","sticky":false,"template":"","format":"standard","meta":{"footnotes":""},"categories":[25],"tags":[],"class_list":["post-34147","post","type-post","status-publish","format-standard","has-post-thumbnail","hentry","category-futbol"],"_links":{"self":[{"href":"https:\/\/haberbesiktas.tr\/index.php?rest_route=\/wp\/v2\/posts\/34147","targetHints":{"allow":["GET"]}}],"collection":[{"href":"https:\/\/haberbesiktas.tr\/index.php?rest_route=\/wp\/v2\/posts"}],"about":[{"href":"https:\/\/haberbesiktas.tr\/index.php?rest_route=\/wp\/v2\/types\/post"}],"author":[{"embeddable":true,"href":"https:\/\/haberbesiktas.tr\/index.php?rest_route=\/wp\/v2\/users\/1"}],"replies":[{"embeddable":true,"href":"https:\/\/haberbesiktas.tr\/index.php?rest_route=%2Fwp%2Fv2%2Fcomments&post=34147"}],"version-history":[{"count":1,"href":"https:\/\/haberbesiktas.tr\/index.php?rest_route=\/wp\/v2\/posts\/34147\/revisions"}],"predecessor-version":[{"id":34149,"href":"https:\/\/haberbesiktas.tr\/index.php?rest_route=\/wp\/v2\/posts\/34147\/revisions\/34149"}],"wp:featuredmedia":[{"embeddable":true,"href":"https:\/\/haberbesiktas.tr\/index.php?rest_route=\/wp\/v2\/media\/34148"}],"wp:attachment":[{"href":"https:\/\/haberbesiktas.tr\/index.php?rest_route=%2Fwp%2Fv2%2Fmedia&parent=34147"}],"wp:term":[{"taxonomy":"category","embeddable":true,"href":"https:\/\/haberbesiktas.tr\/index.php?rest_route=%2Fwp%2Fv2%2Fcategories&post=34147"},{"taxonomy":"post_tag","embeddable":true,"href":"https:\/\/haberbesiktas.tr\/index.php?rest_route=%2Fwp%2Fv2%2Ftags&post=34147"}],"curies":[{"name":"wp","href":"https:\/\/api.w.org\/{rel}","templated":true}]}}