{"id":34153,"date":"2025-05-25T06:12:18","date_gmt":"2025-05-25T06:12:18","guid":{"rendered":"https:\/\/haberbesiktas.tr\/?p=34153"},"modified":"2025-05-25T06:12:18","modified_gmt":"2025-05-25T06:12:18","slug":"italyada-flas-var-karari","status":"publish","type":"post","link":"https:\/\/haberbesiktas.tr\/?p=34153","title":{"rendered":"\u0130talya&#8217;da fla\u015f VAR karar\u0131!"},"content":{"rendered":"<div>\u0130talya Birinci Futbol Ligi&#8217;nde (Serie A) VAR&#8217;da incelenen konumun birebir anda stattaki dev ekranlardan da g\u00f6sterilece\u011fini bildirildi.<\/p>\n<p> Serie A&#8217;dan yap\u0131lan yaz\u0131l\u0131 a\u00e7\u0131klamada, g\u00f6r\u00fcnt\u00fc yard\u0131mc\u0131 hakem (VAR) uygulamas\u0131nda \u015feffafl\u0131\u011f\u0131 artt\u0131rmak i\u00e7in bu hafta sonu oynanacak 30. hafta ma\u00e7lar\u0131ndan itibaren VAR taraf\u0131ndan incelenen durumlar\u0131n statlar\u0131n dev ekranlar\u0131ndan g\u00f6sterilece\u011fi ve bu halde seyircilerin bilgilendirilece\u011fi belirtildi.<\/p>\n<p> Ayr\u0131yeten tekrar bu d\u00f6nemden itibaren \u0130talya Kupas\u0131 yar\u0131 final ve final ma\u00e7lar\u0131nda da tekrar kimi tart\u0131\u015fmal\u0131 durumlar\u0131 hakemin \u00fczerindeki mikrofonun stat hoparl\u00f6r\u00fcne ba\u011flanarak karar\u0131n\u0131 hem trib\u00fcndeki hem de televizyon ba\u015f\u0131ndaki seyircilere a\u00e7\u0131klamas\u0131na y\u00f6nelik deneysel \u00e7al\u0131\u015fmalar\u0131n yap\u0131laca\u011f\u0131 kaydedildi.<\/p>\n<p> Serie A CEO&#8217;su Luigi De Siervo da yapt\u0131\u011f\u0131 a\u00e7\u0131klamada, \u0130talyan futbolunun g\u00f6r\u00fcnt\u00fc hakem yard\u0131mc\u0131lar\u0131n\u0131n (VAR) \u00e7al\u0131\u015fma bi\u00e7imine ait \u015feffafl\u0131\u011f\u0131 art\u0131rmak i\u00e7in kimi yenilikler getirdiklerini belirtti.<\/p>\n<p> \u0130talya Serie A&#8217;da VAR sistemi, 2017-18 d\u00f6neminden bu yana uygulan\u0131yor.<\/p>\n<p> \u00a0<\/p>\n<\/div>\n<p><\/p>\n","protected":false},"excerpt":{"rendered":"<p>\u0130talya Serie A&#8217;da VAR&#8217;a gidilen konumlar stat ekran\u0131na yans\u0131t\u0131lacak.<\/p>\n","protected":false},"author":1,"featured_media":34154,"comment_status":"open","ping_status":"open","sticky":false,"template":"","format":"standard","meta":{"footnotes":""},"categories":[25],"tags":[],"class_list":["post-34153","post","type-post","status-publish","format-standard","has-post-thumbnail","hentry","category-futbol"],"_links":{"self":[{"href":"https:\/\/haberbesiktas.tr\/index.php?rest_route=\/wp\/v2\/posts\/34153","targetHints":{"allow":["GET"]}}],"collection":[{"href":"https:\/\/haberbesiktas.tr\/index.php?rest_route=\/wp\/v2\/posts"}],"about":[{"href":"https:\/\/haberbesiktas.tr\/index.php?rest_route=\/wp\/v2\/types\/post"}],"author":[{"embeddable":true,"href":"https:\/\/haberbesiktas.tr\/index.php?rest_route=\/wp\/v2\/users\/1"}],"replies":[{"embeddable":true,"href":"https:\/\/haberbesiktas.tr\/index.php?rest_route=%2Fwp%2Fv2%2Fcomments&post=34153"}],"version-history":[{"count":1,"href":"https:\/\/haberbesiktas.tr\/index.php?rest_route=\/wp\/v2\/posts\/34153\/revisions"}],"predecessor-version":[{"id":34155,"href":"https:\/\/haberbesiktas.tr\/index.php?rest_route=\/wp\/v2\/posts\/34153\/revisions\/34155"}],"wp:featuredmedia":[{"embeddable":true,"href":"https:\/\/haberbesiktas.tr\/index.php?rest_route=\/wp\/v2\/media\/34154"}],"wp:attachment":[{"href":"https:\/\/haberbesiktas.tr\/index.php?rest_route=%2Fwp%2Fv2%2Fmedia&parent=34153"}],"wp:term":[{"taxonomy":"category","embeddable":true,"href":"https:\/\/haberbesiktas.tr\/index.php?rest_route=%2Fwp%2Fv2%2Fcategories&post=34153"},{"taxonomy":"post_tag","embeddable":true,"href":"https:\/\/haberbesiktas.tr\/index.php?rest_route=%2Fwp%2Fv2%2Ftags&post=34153"}],"curies":[{"name":"wp","href":"https:\/\/api.w.org\/{rel}","templated":true}]}}