{"id":34260,"date":"2025-05-25T13:12:19","date_gmt":"2025-05-25T13:12:19","guid":{"rendered":"https:\/\/haberbesiktas.tr\/?p=34260"},"modified":"2025-05-25T13:12:19","modified_gmt":"2025-05-25T13:12:19","slug":"kerem-demirbaya-istanbuldan-talip-cikti","status":"publish","type":"post","link":"https:\/\/haberbesiktas.tr\/?p=34260","title":{"rendered":"Kerem Demirbay&#8217;a \u0130stanbul&#8217;dan talip \u00e7\u0131kt\u0131"},"content":{"rendered":"<div>Galatasaray&#8217;\u0131n ge\u00e7en d\u00f6nem kazand\u0131\u011f\u0131 \u015fampiyonlukta de\u011ferli hisse sahibi olan fakat bu d\u00f6nem Gabriel Sara&#8217;n\u0131n gelmesiyle birlikte formas\u0131n\u0131 kaybeden Kerem Demirbay, d\u00f6nem sonunda sar\u0131-k\u0131rm\u0131z\u0131l\u0131 ekipten ayr\u0131lacak.<\/p>\n<p> Deneyimli oyuncuyla ge\u00e7ti\u011fimiz haftalarda Samsunspor&#8217;un ilgilendi\u011fi ortaya \u00e7\u0131km\u0131\u015ft\u0131.<\/p>\n<p> S\u00fcper Lig&#8217;de Arda Turan \u00f6nderli\u011finde uygun bir grafik ortaya koyan Ey\u00fcpspor da Kerem Demirbay i\u00e7in harekete ge\u00e7me karar\u0131 ald\u0131. Eflatun-sar\u0131l\u0131lar\u0131n hem Kerem ile hem de Galatasaray ile d\u00f6nem sonunda masaya oturaca\u011f\u0131 belirtildi.<\/p>\n<p> Teknik y\u00f6netici Arda Turan&#8217;\u0131n da Kerem&#8217;le birebir g\u00f6r\u00fc\u015fme yap\u0131p planlar\u0131n\u0131 anlataca\u011f\u0131 ve gayelerinden bahsedece\u011fi \u00f6\u011frenildi.\u00a0<\/p>\n<div>\u00a0<\/div>\n<\/div>\n<p><\/p>\n","protected":false},"excerpt":{"rendered":"<p>Samsunspor&#8217;un d\u00f6nem sonu i\u00e7in tak\u0131m\u0131na katmak istedi\u011fi Kerem Demirbay&#8217;a Ey\u00fcpspor da talip oldu.<\/p>\n","protected":false},"author":1,"featured_media":34261,"comment_status":"open","ping_status":"open","sticky":false,"template":"","format":"standard","meta":{"footnotes":""},"categories":[25],"tags":[],"class_list":["post-34260","post","type-post","status-publish","format-standard","has-post-thumbnail","hentry","category-futbol"],"_links":{"self":[{"href":"https:\/\/haberbesiktas.tr\/index.php?rest_route=\/wp\/v2\/posts\/34260","targetHints":{"allow":["GET"]}}],"collection":[{"href":"https:\/\/haberbesiktas.tr\/index.php?rest_route=\/wp\/v2\/posts"}],"about":[{"href":"https:\/\/haberbesiktas.tr\/index.php?rest_route=\/wp\/v2\/types\/post"}],"author":[{"embeddable":true,"href":"https:\/\/haberbesiktas.tr\/index.php?rest_route=\/wp\/v2\/users\/1"}],"replies":[{"embeddable":true,"href":"https:\/\/haberbesiktas.tr\/index.php?rest_route=%2Fwp%2Fv2%2Fcomments&post=34260"}],"version-history":[{"count":1,"href":"https:\/\/haberbesiktas.tr\/index.php?rest_route=\/wp\/v2\/posts\/34260\/revisions"}],"predecessor-version":[{"id":34262,"href":"https:\/\/haberbesiktas.tr\/index.php?rest_route=\/wp\/v2\/posts\/34260\/revisions\/34262"}],"wp:featuredmedia":[{"embeddable":true,"href":"https:\/\/haberbesiktas.tr\/index.php?rest_route=\/wp\/v2\/media\/34261"}],"wp:attachment":[{"href":"https:\/\/haberbesiktas.tr\/index.php?rest_route=%2Fwp%2Fv2%2Fmedia&parent=34260"}],"wp:term":[{"taxonomy":"category","embeddable":true,"href":"https:\/\/haberbesiktas.tr\/index.php?rest_route=%2Fwp%2Fv2%2Fcategories&post=34260"},{"taxonomy":"post_tag","embeddable":true,"href":"https:\/\/haberbesiktas.tr\/index.php?rest_route=%2Fwp%2Fv2%2Ftags&post=34260"}],"curies":[{"name":"wp","href":"https:\/\/api.w.org\/{rel}","templated":true}]}}