{"id":34269,"date":"2025-05-25T13:48:21","date_gmt":"2025-05-25T13:48:21","guid":{"rendered":"https:\/\/haberbesiktas.tr\/?p=34269"},"modified":"2025-05-25T13:48:21","modified_gmt":"2025-05-25T13:48:21","slug":"trabzonsporda-zorunlu-hucum-hatti-degisikligi","status":"publish","type":"post","link":"https:\/\/haberbesiktas.tr\/?p=34269","title":{"rendered":"Trabzonspor&#8217;da zorunlu h\u00fccum hatt\u0131 de\u011fi\u015fikli\u011fi!"},"content":{"rendered":"<div>Trabzonspor, Trendyol Harika Lig&#8217;in 29. haftas\u0131nda G\u00f6ztepe ile kar\u015f\u0131la\u015facak.<\/p>\n<p> Trabzonspor&#8217;daki teknik y\u00f6neticilik mesle\u011fine deplasmanda al\u0131nan 3-0&#8217;l\u0131k Ba\u015fak\u015fehir galibiyetiyle etkileyici bir ba\u015flang\u0131\u00e7 yapan Fatih Tekke, bu d\u00f6nem d\u0131\u015f alandaki birinci \u00fc\u00e7 puan\u0131 grubuna kazand\u0131rm\u0131\u015ft\u0131.<\/p>\n<p> Gen\u00e7 teknik adam, ulusal orta sonras\u0131 G\u00f6ztepe ma\u00e7\u0131yla birlikte Papara Park&#8217;ta taraftarlar\u0131n\u0131n \u00f6n\u00fcne birinci kere \u00e7\u0131kmaya haz\u0131rlan\u0131yor.<\/p>\n<p> Trib\u00fcnleri dolduracak bordo-mavili taraftarlara galibiyet sevinci ya\u015fatmay\u0131 hedefleyen Tekke, hem oyun anlay\u0131\u015f\u0131n\u0131 ekibe a\u015f\u0131lamak hem de en \u00fclk\u00fc 11&#8217;i olu\u015fturmak i\u00e7in a\u011f\u0131r mesai harc\u0131yor.<\/p>\n<p> <strong>H\u00dcCUM SINIRINDA ZARUR\u00ce DE\u011e\u0130\u015e\u0130M<\/strong><\/p>\n<p> Trabzonspor&#8217;un atak \u00e7izgisinde de\u011ferli bir de\u011fi\u015fiklik ya\u015fanacak. Banza&#8217;n\u0131n kart cezal\u0131s\u0131 olmas\u0131 nedeniyle ileri u\u00e7ta Sikan vazife alacak. Ukraynal\u0131 oyuncu, Trabzonspor formas\u0131yla birinci defa as\u0131l mevkisi olan forvette alana \u00e7\u0131kmaya haz\u0131rlan\u0131yor. Onu kanatlardan destekleyecek isimler ise Vi\u015f\u00e7a ve Zubkov olacak.<\/p>\n<p> Teknik y\u00f6netici Fatih Tekke, idmanlarda bu \u00fc\u00e7l\u00fcyle \u00f6zel olarak ilgilenirken, atak s\u0131n\u0131r\u0131n\u0131n performans\u0131na b\u00fcy\u00fck inan\u00e7 duyuyor.<\/p>\n<p> G\u00f6ztepe kar\u015f\u0131s\u0131nda alanda g\u00f6rmek istedi\u011fi oyun anlay\u0131\u015f\u0131n\u0131 net bir bi\u00e7imde belirleyen Tekke, kadrosuna galibiyet i\u00e7in t\u00fcm ayr\u0131nt\u0131lar\u0131 titizlikle aktar\u0131yor.\u00a0\u00a0<\/p>\n<div>\u00a0<\/div>\n<\/div>\n<p><\/p>\n","protected":false},"excerpt":{"rendered":"<p>Trendyol Muhte\u015fem Lig&#8217;in 29. haftas\u0131nda G\u00f6ztepe ile konutunda kar\u015f\u0131la\u015facak olan Trabzonspor&#8217;da teknik y\u00f6netici Fatih Tekke, hamle s\u0131n\u0131r\u0131nda zarur\u00ee bir de\u011fi\u015fikli\u011fe gidecek.<\/p>\n","protected":false},"author":1,"featured_media":34270,"comment_status":"open","ping_status":"open","sticky":false,"template":"","format":"standard","meta":{"footnotes":""},"categories":[25],"tags":[],"class_list":["post-34269","post","type-post","status-publish","format-standard","has-post-thumbnail","hentry","category-futbol"],"_links":{"self":[{"href":"https:\/\/haberbesiktas.tr\/index.php?rest_route=\/wp\/v2\/posts\/34269","targetHints":{"allow":["GET"]}}],"collection":[{"href":"https:\/\/haberbesiktas.tr\/index.php?rest_route=\/wp\/v2\/posts"}],"about":[{"href":"https:\/\/haberbesiktas.tr\/index.php?rest_route=\/wp\/v2\/types\/post"}],"author":[{"embeddable":true,"href":"https:\/\/haberbesiktas.tr\/index.php?rest_route=\/wp\/v2\/users\/1"}],"replies":[{"embeddable":true,"href":"https:\/\/haberbesiktas.tr\/index.php?rest_route=%2Fwp%2Fv2%2Fcomments&post=34269"}],"version-history":[{"count":1,"href":"https:\/\/haberbesiktas.tr\/index.php?rest_route=\/wp\/v2\/posts\/34269\/revisions"}],"predecessor-version":[{"id":34271,"href":"https:\/\/haberbesiktas.tr\/index.php?rest_route=\/wp\/v2\/posts\/34269\/revisions\/34271"}],"wp:featuredmedia":[{"embeddable":true,"href":"https:\/\/haberbesiktas.tr\/index.php?rest_route=\/wp\/v2\/media\/34270"}],"wp:attachment":[{"href":"https:\/\/haberbesiktas.tr\/index.php?rest_route=%2Fwp%2Fv2%2Fmedia&parent=34269"}],"wp:term":[{"taxonomy":"category","embeddable":true,"href":"https:\/\/haberbesiktas.tr\/index.php?rest_route=%2Fwp%2Fv2%2Fcategories&post=34269"},{"taxonomy":"post_tag","embeddable":true,"href":"https:\/\/haberbesiktas.tr\/index.php?rest_route=%2Fwp%2Fv2%2Ftags&post=34269"}],"curies":[{"name":"wp","href":"https:\/\/api.w.org\/{rel}","templated":true}]}}