{"id":34272,"date":"2025-05-25T14:00:18","date_gmt":"2025-05-25T14:00:18","guid":{"rendered":"https:\/\/haberbesiktas.tr\/?p=34272"},"modified":"2025-05-25T14:00:18","modified_gmt":"2025-05-25T14:00:18","slug":"muci-milli-takimda-yedek-kulubesinden-cikamadi","status":"publish","type":"post","link":"https:\/\/haberbesiktas.tr\/?p=34272","title":{"rendered":"Mu\u00e7i, milli tak\u0131mda yedek kul\u00fcbesinden \u00e7\u0131kamad\u0131"},"content":{"rendered":"<div>Arnavutluk Ulusal Kadrosu, \u0130ngiltere&#8217;ye 2-0 yenilirken Andorra kar\u015f\u0131s\u0131nda 3-0&#8217;l\u0131k galibiyet elde etmi\u015fti. Brezilyal\u0131 hoca Sylvinho, tak\u0131ma \u00e7a\u011f\u0131rd\u0131\u011f\u0131 Ernest Mu\u00e7i&#8217;ye her iki m\u00fcsabakada da 1 dakika bile m\u00fcddet vermedi. Be\u015fikta\u015fl\u0131 futbolcu, ma\u00e7lar\u0131 kul\u00fcbeden takip etti.\u00a0<\/p>\n<p><strong>\u0130LK SEFER DE\u011e\u0130L<\/strong><\/p>\n<p>2024 Avrupa \u015eampiyonas\u0131&#8217;nda Arnavutluk Ulusal Grubuna \u00e7a\u011fr\u0131lan Mu\u00e7i, birebir meseleleri o devirde de ya\u015fam\u0131\u015ft\u0131. <\/p>\n<p>Turnuvada, hocas\u0131 taraf\u0131ndan birinci 11&#8217;de talih verilmeyen oyuncu, \u0130talya ma\u00e7\u0131nda 87. dakikada, \u0130spanya m\u00fcsabakas\u0131nda ise 81. dakikada oyuna dahil olmu\u015ftu. H\u0131rvatistan gayretinde ise yedek kul\u00fcbesinde kalm\u0131\u015ft\u0131. <\/p>\n<p>K\u0131s\u0131tl\u0131 m\u00fcddetlerinde tesirli olamayan futbolcu, \u00fclkesinin turnuvadan elenmesine mahzur olamad\u0131.<br \/> <strong><br \/>TAL\u0130P \u00c7IKAB\u0130L\u0130RD\u0130<\/strong><\/p>\n<p>Legia Var\u015fova&#8217;dan 10 milyon euro kar\u015f\u0131l\u0131\u011f\u0131nda transfer edilen Ernest Mu\u00e7i&#8217;nin ilerleyen devirlerde daha y\u00fcksek paralar kar\u015f\u0131l\u0131\u011f\u0131nda sat\u0131labilece\u011fi d\u00fc\u015f\u00fcn\u00fcl\u00fcyordu. Lakin Sylvinho ona pek baht tan\u0131m\u0131yor. Bu sebeple de ulusal arenada vitrin yapma ihtimali ortadan kalk\u0131yor.<\/p>\n<p><strong>BU D\u00d6NEM NE YAPTI<\/strong><\/p>\n<p>Be\u015fikta\u015f formas\u0131yla bu d\u00f6nem 31 ma\u00e7ta forma giyen Arnavut oyuncu, 6 gol 3 asistlik katk\u0131 sa\u011flad\u0131.<\/p>\n<\/div>\n<p><\/p>\n","protected":false},"excerpt":{"rendered":"<p>Be\u015fikta\u015f&#8217;\u0131n ulusal kadroda vitrin yapmas\u0131n\u0131 bekledi\u011fi Ernest Mu\u00e7i, Arnavutluk Teknik Y\u00f6neticisi taraf\u0131ndan tercih edilmiyor.<\/p>\n","protected":false},"author":1,"featured_media":34273,"comment_status":"open","ping_status":"open","sticky":false,"template":"","format":"standard","meta":{"footnotes":""},"categories":[25],"tags":[],"class_list":["post-34272","post","type-post","status-publish","format-standard","has-post-thumbnail","hentry","category-futbol"],"_links":{"self":[{"href":"https:\/\/haberbesiktas.tr\/index.php?rest_route=\/wp\/v2\/posts\/34272","targetHints":{"allow":["GET"]}}],"collection":[{"href":"https:\/\/haberbesiktas.tr\/index.php?rest_route=\/wp\/v2\/posts"}],"about":[{"href":"https:\/\/haberbesiktas.tr\/index.php?rest_route=\/wp\/v2\/types\/post"}],"author":[{"embeddable":true,"href":"https:\/\/haberbesiktas.tr\/index.php?rest_route=\/wp\/v2\/users\/1"}],"replies":[{"embeddable":true,"href":"https:\/\/haberbesiktas.tr\/index.php?rest_route=%2Fwp%2Fv2%2Fcomments&post=34272"}],"version-history":[{"count":1,"href":"https:\/\/haberbesiktas.tr\/index.php?rest_route=\/wp\/v2\/posts\/34272\/revisions"}],"predecessor-version":[{"id":34274,"href":"https:\/\/haberbesiktas.tr\/index.php?rest_route=\/wp\/v2\/posts\/34272\/revisions\/34274"}],"wp:featuredmedia":[{"embeddable":true,"href":"https:\/\/haberbesiktas.tr\/index.php?rest_route=\/wp\/v2\/media\/34273"}],"wp:attachment":[{"href":"https:\/\/haberbesiktas.tr\/index.php?rest_route=%2Fwp%2Fv2%2Fmedia&parent=34272"}],"wp:term":[{"taxonomy":"category","embeddable":true,"href":"https:\/\/haberbesiktas.tr\/index.php?rest_route=%2Fwp%2Fv2%2Fcategories&post=34272"},{"taxonomy":"post_tag","embeddable":true,"href":"https:\/\/haberbesiktas.tr\/index.php?rest_route=%2Fwp%2Fv2%2Ftags&post=34272"}],"curies":[{"name":"wp","href":"https:\/\/api.w.org\/{rel}","templated":true}]}}