{"id":34275,"date":"2025-05-25T14:12:22","date_gmt":"2025-05-25T14:12:22","guid":{"rendered":"https:\/\/haberbesiktas.tr\/?p=34275"},"modified":"2025-05-25T14:12:22","modified_gmt":"2025-05-25T14:12:22","slug":"kolombiyadan-davinson-aciklamasi-kadrodan-cikarildi","status":"publish","type":"post","link":"https:\/\/haberbesiktas.tr\/?p=34275","title":{"rendered":"Kolombiya&#8217;dan Davinson a\u00e7\u0131klamas\u0131: &#8220;Kadrodan \u00e7\u0131kar\u0131ld\u0131&#8221;"},"content":{"rendered":"<div>Kolombiya Futbol Federasyonu, Galatasarayl\u0131 Davinson Sanchez&#8217;in Ulusal Kadro tak\u0131m\u0131ndan \u00e7\u0131kar\u0131ld\u0131\u011f\u0131n\u0131 a\u00e7\u0131klad\u0131.<\/p>\n<p> Federasyondan yap\u0131lan a\u00e7\u0131klamada, &#8220;Kolombiya ulusal ekibinin antren\u00f6r ve s\u0131hhat tak\u0131m\u0131, D\u00e1vinson S\u00e1nchez&#8217;in Paraguay ma\u00e7\u0131nda yer almayaca\u011f\u0131n\u0131 bildirdi. Atletin tatmin edici bir bi\u00e7imde g\u00fczelle\u015fmesine ve hem t\u0131bbi muayenelerin hem de g\u00fcnl\u00fck klinik de\u011ferlendirmelerin ola\u011fan standartlarda sonu\u00e7lar g\u00f6stermesine kar\u015f\u0131n, ma\u00e7ta yer almayaca\u011f\u0131na ortakla\u015fa karar verildi.&#8221; denildi.<\/p>\n<p> <span><strong>NE OLMU\u015eTU?<\/strong><\/span><br \/><span><strong>B\u0130R ADIM GER\u0130DEN;<\/strong><\/span><\/p>\n<p> Brezilya kalesinde ya\u015fanan konumda ileriye \u00e7\u0131kan Galatasaray&#8217;\u0131n y\u0131ld\u0131z stoperi Davinson Sanchez, mesken sahibi grubun kalecisi Alisson Becker ile \u00e7arp\u0131\u015fm\u0131\u015ft\u0131.<\/p>\n<p> Oyundan al\u0131nan ve ba\u015f\u0131na darbe ald\u0131\u011f\u0131 i\u00e7in tabiplerin alana d\u00f6nmesine m\u00fcsaade etmedi\u011fi Davinson&#8217;un yerine Carlos Cuesta oyuna girmi\u015fti<\/p>\n<p> <strong>FIFA OYNAMASINA M\u00dcSAADE VERM\u0130YOR<\/strong><\/p>\n<p> Kolombiya s\u0131radaki ma\u00e7\u0131n\u0131 ise 26 Mart \u00c7ar\u015famba g\u00fcn\u00fc Paraguay ile oynayacak. Birinci ma\u00e7ta ba\u015f\u0131na ald\u0131\u011f\u0131 darbe nedeniyle oyundan \u00e7\u0131kan Davinson Sanchez kurallar gere\u011fi bu ma\u00e7ta forma giyemeyecekti.<\/p>\n<p> <strong>7 G\u00dcN M\u00dcDDET GE\u00c7MEDEN FORMA G\u0130YEMEZ<\/strong><\/p>\n<p> FIFA ba\u015fa al\u0131nan darbeler nedeniyle oyuna devam edemeyen oyuncular i\u00e7in yedi g\u00fcnl\u00fck m\u00fchlet belirledi. Yedi g\u00fcn ge\u00e7meden yine forma giymesine m\u00fcsaade verilmiyor.<\/p>\n<p> 20 Mart Per\u015fembe g\u00fcn\u00fc ba\u015f\u0131na darbe alan Kolombiyal\u0131 y\u0131ld\u0131z\u0131n 27 Mart Per\u015fembe g\u00fcn\u00fcne kadar forma giyemeyecek. Paraguay ma\u00e7\u0131 26 Mart \u00c7ar\u015famba oynanacak. Davinson&#8217;un g\u00fcn\u00fc ise 27 Mart Per\u015fembe g\u00fcn\u00fc sona eriyor. \u00d6te yandan Brezilya da Alisson Becker&#8217;i Liverpool&#8217;a kat\u0131lmas\u0131 i\u00e7in ulusal kadro kamp\u0131ndan g\u00f6nderdi.<\/p>\n<\/div>\n<p><\/p>\n","protected":false},"excerpt":{"rendered":"<p>Davinson Sanchez, durumu d\u00fczg\u00fcn olmas\u0131na kar\u015f\u0131n \u00f6nlem emelli Kolombiya ulusal kadrosu tak\u0131m\u0131ndan \u00e7\u0131kart\u0131ld\u0131.<\/p>\n","protected":false},"author":1,"featured_media":34276,"comment_status":"open","ping_status":"open","sticky":false,"template":"","format":"standard","meta":{"footnotes":""},"categories":[25],"tags":[2743,2206],"class_list":["post-34275","post","type-post","status-publish","format-standard","has-post-thumbnail","hentry","category-futbol","tag-davinson","tag-mart"],"_links":{"self":[{"href":"https:\/\/haberbesiktas.tr\/index.php?rest_route=\/wp\/v2\/posts\/34275","targetHints":{"allow":["GET"]}}],"collection":[{"href":"https:\/\/haberbesiktas.tr\/index.php?rest_route=\/wp\/v2\/posts"}],"about":[{"href":"https:\/\/haberbesiktas.tr\/index.php?rest_route=\/wp\/v2\/types\/post"}],"author":[{"embeddable":true,"href":"https:\/\/haberbesiktas.tr\/index.php?rest_route=\/wp\/v2\/users\/1"}],"replies":[{"embeddable":true,"href":"https:\/\/haberbesiktas.tr\/index.php?rest_route=%2Fwp%2Fv2%2Fcomments&post=34275"}],"version-history":[{"count":1,"href":"https:\/\/haberbesiktas.tr\/index.php?rest_route=\/wp\/v2\/posts\/34275\/revisions"}],"predecessor-version":[{"id":34277,"href":"https:\/\/haberbesiktas.tr\/index.php?rest_route=\/wp\/v2\/posts\/34275\/revisions\/34277"}],"wp:featuredmedia":[{"embeddable":true,"href":"https:\/\/haberbesiktas.tr\/index.php?rest_route=\/wp\/v2\/media\/34276"}],"wp:attachment":[{"href":"https:\/\/haberbesiktas.tr\/index.php?rest_route=%2Fwp%2Fv2%2Fmedia&parent=34275"}],"wp:term":[{"taxonomy":"category","embeddable":true,"href":"https:\/\/haberbesiktas.tr\/index.php?rest_route=%2Fwp%2Fv2%2Fcategories&post=34275"},{"taxonomy":"post_tag","embeddable":true,"href":"https:\/\/haberbesiktas.tr\/index.php?rest_route=%2Fwp%2Fv2%2Ftags&post=34275"}],"curies":[{"name":"wp","href":"https:\/\/api.w.org\/{rel}","templated":true}]}}