{"id":34386,"date":"2025-05-25T21:24:24","date_gmt":"2025-05-25T21:24:24","guid":{"rendered":"https:\/\/haberbesiktas.tr\/?p=34386"},"modified":"2025-05-25T21:24:24","modified_gmt":"2025-05-25T21:24:24","slug":"yuksel-yildirimdan-verratti-ve-demirbay-aciklamasi","status":"publish","type":"post","link":"https:\/\/haberbesiktas.tr\/?p=34386","title":{"rendered":"Y\u00fcksel Y\u0131ld\u0131r\u0131m&#8217;dan Verratti ve Demirbay a\u00e7\u0131klamas\u0131"},"content":{"rendered":"<div>Reeder Samsunspor Kul\u00fcb\u00fc Lideri Y\u00fcksel Y\u0131ld\u0131r\u0131m, transfer arg\u00fcmanlar\u0131yla ilgili Radyo Spor&#8217;a a\u00e7\u0131klama yapt\u0131.<\/p>\n<p> Ekipteki transfer durumuna de\u011finen Y\u0131ld\u0131r\u0131m, &#8220;Veratti konusu yok. Menajer sallam\u0131\u015f. Daha bunlardan \u00e7ok duyaca\u011f\u0131z.&#8221; dedi.<\/p>\n<p> <strong>&#8220;KEREM DEM\u0130RBAY UYGUNA OYNARSA GELS\u0130N&#8221;<\/strong><\/p>\n<p> Kerem Demirbay hakk\u0131nda gelen soruya Y\u00fcksel Y\u0131ld\u0131r\u0131m, &#8220;Yok somut ad\u0131m atmam, atar m\u0131y\u0131m? Ben be\u011fendi\u011fim oyuncu demi\u015ftim. Galatasaray salarsa Almanya&#8217;ya geri d\u00f6ner. T\u00fcrkiye&#8217;de o paray\u0131 verecek bir Anadolu kul\u00fcb\u00fc yok. Uyguna oynar\u0131m derse her vakit kap\u0131m\u0131z a\u00e7\u0131k. Hocam\u0131z\u0131n be\u011fendi\u011fi bir oyuncu. Fakat bizim o denli bir b\u00fct\u00e7emiz yok. Bana sorulan soru a\u00e7\u0131k ve netti. &#8216;Fenerbah\u00e7e yahut Galatasaray&#8217;dan kimi transfer etmek isterdiniz?&#8217; dediler. Ben gereksinimim olan\u0131 s\u00f6yledim.&#8221; kar\u015f\u0131l\u0131\u011f\u0131n\u0131 verdi.<\/p>\n<p> <strong>&#8220;CARLO HOLSE 10 M\u0130LYON EURO&#8221;<\/strong><\/p>\n<p> Carlo Holse i\u00e7in 10 milyon euro bonservis belirledi\u011fini belirten Y\u0131ld\u0131r\u0131m, &#8220;Holse i\u00e7in \u015fu an 5 milyon g\u00f6rd\u00fck. Lakin Holse Avrupa&#8217;da oynarsa 10 milyon \u00fczerinde alaca\u011f\u0131m\u0131z\u0131 d\u00fc\u015f\u00fcn\u00fcyoruz. Ben 2.5 milyon Euro bonservis vererek ald\u0131m zati. \u015eu an bedelini 2&#8217;ye katlad\u0131. Bizim i\u00e7in Holse&#8217;nin 10 milyon yahut \u00fczeri etmesi gerekiyor. Holse&#8217;ye MLS&#8217;ten resmi teklif geldi lakin kabul etmedik. Yar\u0131\u015f i\u00e7indeyiz, d\u00f6nem sonuna kadar d\u00fc\u015f\u00fcnm\u00fcyoruz. Sonra oyuncu ile konu\u015faca\u011f\u0131z. Biz 2 sene daha olan kontrat\u0131n\u0131 4&#8217;e \u00e7\u0131karmak istiyoruz. Avrupa&#8217;da yeterli oynarsa k\u0131ymeti 2 kat\u0131na \u00e7\u0131kacakt\u0131r. Ancak Avrupa&#8217;ya gidemezsek do\u011fal ki farkl\u0131 fikirler i\u00e7ine girebiliriz. Her sene 2-3 oyuncumuzu satmal\u0131y\u0131z ki ayaklar\u0131m\u0131z\u0131n \u00fcst\u00fcnde dural\u0131m. TFF&#8217;den gelen TV geliri, sponsorluk, bilet sat\u0131\u015f\u0131 yetmiyor. Yoksa harcama limitlerim \u00e7ok d\u00fc\u015f\u00fck kalacak. Bu da istemedi\u011fimiz bir \u015fey. Finansal a\u00e7\u0131dan g\u00fc\u00e7l\u00fc olmam\u0131z gerekiyor&#8221; tabirlerini kulland\u0131.<\/p>\n<p> <strong>&#8220;TRANSFER \u00c7ALI\u015eMALARINA BA\u015eLADIM&#8221;<\/strong><\/p>\n<p> Avrupa i\u00e7in planlama yapt\u0131klar\u0131n\u0131 belirten Samsunspor Ba\u015fkan\u0131, &#8220;Hem b\u00fct\u00e7e denkle\u015fecek hem ekip yar\u0131\u015facak. Lakin Avrupa olursa 22 olmak zorunda. Tak\u0131m geni\u015f olmazsa h\u00fcsran olur. Avrupa ma\u00e7lar\u0131 bittikten sonra ba\u015far\u0131s\u0131zl\u0131k ba\u015fl\u0131yor. Topluluk kadrolar\u0131nda bu pek g\u00fczel olmuyor. Bu sene maalesef Trabzonspor&#8217;un pozisyonu mesela. G\u00fczel bir transfer \u00e7al\u0131\u015fmas\u0131 yapm\u0131\u015flard\u0131, ancak olmad\u0131. Avrupa&#8217;da ba\u015far\u0131l\u0131 olamay\u0131nca lige yans\u0131d\u0131. Bug\u00fcn bulundu\u011fu pozisyonda olmamal\u0131lard\u0131 asl\u0131nda. Bunlar bize ne yapmamam\u0131z gerekti\u011fini g\u00f6steriyor&#8221; dedi.<\/p>\n<p> Transfer \u00e7al\u0131\u015fmalar\u0131na ba\u015flad\u0131klar\u0131n\u0131 belirten Y\u00fcksel Y\u0131ld\u0131r\u0131m, &#8220;Transfer \u00e7al\u0131\u015fmalar\u0131na ba\u015flad\u0131k. 11 duruma 5&#8217;er tane, kimilerine daha \u00e7ok oyuncu bakt\u0131k. Oyuncular\u0131n menajerleriyle yava\u015f yava\u015f g\u00f6r\u00fc\u015fmeye ba\u015flad\u0131k. Nisan ve May\u0131s ay\u0131nda \u015f\u00f6yle bir acelemiz olacak. 10 ma\u00e7\u0131m\u0131z var diyelim, 5-6 hafta sonra Avrupa&#8217;ya gidip gitmeyece\u011fimiz muhakkak olacak. Play-offlar Temmuz ortas\u0131nda filan oynanacak. Lig A\u011fustos&#8217;ta a\u00e7\u0131lacak. Haziran&#8217;da d\u00f6nemi a\u00e7mam\u0131z laz\u0131m. Grubun y\u00fczde 90&#8217;\u0131n\u0131 d\u00f6nem ba\u015f\u0131na yeti\u015ftirmek istiyoruz. Avrupa&#8217;ya gidemezsek tak\u0131m\u0131m\u0131z\u0131 17 ki\u015fi yapmak istiyoruz. \u00dcst\u00fcn\u00fc akademiden tamamlayaca\u011f\u0131z&#8221; a\u00e7\u0131klamas\u0131n\u0131 yapt\u0131.<\/p>\n<p> <strong>&#8220;AFR\u0130KA&#8217;DAN 6-7 GEN\u00c7 ALDIM AKADEM\u0130YE&#8221;<\/strong><\/p>\n<p> Altyap\u0131ya yat\u0131r\u0131m yapt\u0131klar\u0131n\u0131 ve Afrika&#8217;dan 6-7 gen\u00e7 ald\u0131klar\u0131n\u0131 belirten Y\u00fcksel Y\u0131ld\u0131r\u0131m, &#8220;\u00c7ok uygun bir altyap\u0131 yapt\u0131k. T\u00fcrkiye&#8217;de tahminen birinci 5&#8217;e girer. 5 tane saha var altyap\u0131da. Yapay zeka sistemi var. Geli\u015fim var. Diyetisyen, doktor, mas\u00f6r, psikolog, her \u015feyi koyduk. Fransa&#8217;n\u0131n Toulouse kul\u00fcb\u00fcyle muahedemiz var, yararlar\u0131 dokunuyor. Toulouse d\u00fcnyan\u0131n say\u0131l\u0131 akademilerinden biri. Sonu\u00e7ta Samsunspor bir futbol kul\u00fcb\u00fc olarak geliyor. Herkes grup kuruyor, biz kul\u00fcp kuruyoruz. 6-7 oyuncu ald\u0131k Afrikadan, \u015fu an geliyorlar, yoldalar. \u0130\u00e7lerinde \u00e2l\u00e2 \u00e7ocuklar var. Bunlar\u0131 transfer edemiyoruz. Maalesef FIFA A kadroya transfer yasa\u011f\u0131 uygularken akademiye de uyguluyor. Yasak kalkt\u0131. Samsunspor 1 Temmuz&#8217;da transfer yapabilir yaz\u0131s\u0131n\u0131 ald\u0131k&#8221; dedi.<\/p>\n<p> <strong>&#8220;AKADEM\u0130N\u0130N BA\u015eINA CEDRIC&#8217;\u0130 GET\u0130RD\u0130M, PSG&#8217;DEN&#8221;<\/strong><\/p>\n<p> Samsunspor&#8217;un durumu hakk\u0131nda da konu\u015fan Y\u0131ld\u0131r\u0131m, &#8220;Tahtam\u0131z kapal\u0131. Kimi oyuncular\u0131n menajerlerinin sorular\u0131na net yan\u0131t verebilmek i\u00e7in Mart ba\u015f\u0131nda Z\u00fcrich&#8217;e giderek FIFA ile toplant\u0131 yapt\u0131m. Projelerimizi anlatt\u0131m. Onlar da bizi tekrar davet etti. Samsunspor Futbol Akademisi&#8217;nin ba\u015f\u0131na Cedric diye bir Frans\u0131z getirdik. PSG&#8217;de yetkiliydi evvelden. Akademiyi yap\u0131land\u0131r\u0131yoruz. Hedefimiz sportif muvaffakiyet de\u011fil yeti\u015ftiricilik. T\u00fcrkiye&#8217;de gen\u00e7lere bedel veriliyor \u00fczere lakin yanl\u0131\u015f yap\u0131l\u0131yor. Zira U19&#8217;dan sonras\u0131 yok. Bu \u00e7ocuklar yok olup gidiyor.Samsunspor ve Kul\u00fcpler Birli\u011fi olarak TFF&#8217;ye teklif verdik. U19&#8217;u U21 yapal\u0131m, bu \u00e7ocuklar\u0131 soka\u011fa atmayal\u0131m dedik. Ligi U21 yaparsak U17, U19, U20&#8217;leri istedi\u011fimiz \u00fczere oynat\u0131r\u0131z, bu \u00e7ocuklar kaybolmaz. TFF \u015fimdi yan\u0131t vermedi. S\u00fcper Lig Kul\u00fcpler Birli\u011fi&#8217;nde teklifi U21 diye veriyoruz fakat Ali Lider da &#8216;Kul\u00fcplerin maddi durumlar\u0131 \u00e7ok \u00e2l\u00e2 de\u011fil, U19&#8217;lar A ekiple seyahat ediyor. Bunu b\u00f6lgesel yapal\u0131m, sonra play-offlarla devam etsin&#8217; dedi. Bu kul\u00fcpler taraf\u0131ndan olumlu kar\u015f\u0131land\u0131. Ben teklif g\u00f6nderildi diye biliyorum. U19 Ligi U21 olsun ve b\u00f6lgesele b\u00f6lelim, finansal y\u00fck olu\u015fturmas\u0131n dedik. TFF onaylarsa alttan yeti\u015fecek oyuncular daha sa\u011fl\u0131kl\u0131 gelir&#8221; dedi.<\/p>\n<p> <strong>&#8220;PSG \u0130LE YARI F\u0130NAL MA\u00c7I OYNAYACA\u011eIM&#8221;<\/strong><\/p>\n<p> Fransa&#8217;daki ba\u015fka kadrosu Dunkerque hakk\u0131nda konu\u015fan Y\u00fcksel Y\u0131ld\u0131r\u0131m, &#8220;Samsunspor gibi kendimizi ligde birinci 4 i\u00e7inde bulduk. Bir orta 1&#8217;inci bile olacakt\u0131k neredeyse. Gaye play-offlara kal\u0131p Ligue 1&#8217;i zorlamak. Kupada inan\u0131lmaz bir muvaffakiyete imza att\u0131k. Birinci 16&#8217;da Lille&#8217;i eledik. Brest ile oynad\u0131k, onlar\u0131 eledik. Art\u0131k yar\u0131 finalde 1 Nisan&#8217;da PSG ile oynayaca\u011f\u0131z. Bir s\u00fcrpriz de orada yaparsak d\u00fcnya bizi konu\u015fur. Bu kolay bir \u015fey de\u011fil. \u00c7ok memnunum. \u00c2l\u00e2 ki Dunkerque&#8217;\u00fc ald\u0131m. \u0130zlenme rekorlar\u0131 k\u0131r\u0131yor&#8221; dedi.<\/p>\n<p> \u00a0<\/p>\n<\/div>\n<p><\/p>\n","protected":false},"excerpt":{"rendered":"<p>Reeder Samsunspor Kul\u00fcb\u00fc Lideri Y\u00fcksel Y\u0131ld\u0131r\u0131m, Verratti, Kerem Demirbay ve Holse ile ilgili transfer tezlerine kar\u015f\u0131l\u0131k verdi.<\/p>\n","protected":false},"author":1,"featured_media":34387,"comment_status":"open","ping_status":"open","sticky":false,"template":"","format":"standard","meta":{"footnotes":""},"categories":[25],"tags":[205,51,49,52,48],"class_list":["post-34386","post","type-post","status-publish","format-standard","has-post-thumbnail","hentry","category-futbol","tag-avrupa","tag-lig","tag-oyuncu","tag-takim","tag-transfer"],"_links":{"self":[{"href":"https:\/\/haberbesiktas.tr\/index.php?rest_route=\/wp\/v2\/posts\/34386","targetHints":{"allow":["GET"]}}],"collection":[{"href":"https:\/\/haberbesiktas.tr\/index.php?rest_route=\/wp\/v2\/posts"}],"about":[{"href":"https:\/\/haberbesiktas.tr\/index.php?rest_route=\/wp\/v2\/types\/post"}],"author":[{"embeddable":true,"href":"https:\/\/haberbesiktas.tr\/index.php?rest_route=\/wp\/v2\/users\/1"}],"replies":[{"embeddable":true,"href":"https:\/\/haberbesiktas.tr\/index.php?rest_route=%2Fwp%2Fv2%2Fcomments&post=34386"}],"version-history":[{"count":1,"href":"https:\/\/haberbesiktas.tr\/index.php?rest_route=\/wp\/v2\/posts\/34386\/revisions"}],"predecessor-version":[{"id":34388,"href":"https:\/\/haberbesiktas.tr\/index.php?rest_route=\/wp\/v2\/posts\/34386\/revisions\/34388"}],"wp:featuredmedia":[{"embeddable":true,"href":"https:\/\/haberbesiktas.tr\/index.php?rest_route=\/wp\/v2\/media\/34387"}],"wp:attachment":[{"href":"https:\/\/haberbesiktas.tr\/index.php?rest_route=%2Fwp%2Fv2%2Fmedia&parent=34386"}],"wp:term":[{"taxonomy":"category","embeddable":true,"href":"https:\/\/haberbesiktas.tr\/index.php?rest_route=%2Fwp%2Fv2%2Fcategories&post=34386"},{"taxonomy":"post_tag","embeddable":true,"href":"https:\/\/haberbesiktas.tr\/index.php?rest_route=%2Fwp%2Fv2%2Ftags&post=34386"}],"curies":[{"name":"wp","href":"https:\/\/api.w.org\/{rel}","templated":true}]}}