{"id":34389,"date":"2025-05-25T21:36:20","date_gmt":"2025-05-25T21:36:20","guid":{"rendered":"https:\/\/haberbesiktas.tr\/?p=34389"},"modified":"2025-05-25T21:36:20","modified_gmt":"2025-05-25T21:36:20","slug":"manchester-unitedda-altay-bayindir-karari","status":"publish","type":"post","link":"https:\/\/haberbesiktas.tr\/?p=34389","title":{"rendered":"Manchester United&#8217;da Altay Bay\u0131nd\u0131r karar\u0131!"},"content":{"rendered":"<div>Manchester United, yaz transfer devrinde tak\u0131m\u0131nda b\u00fcy\u00fck bir de\u011fi\u015fim yapmaya haz\u0131rlan\u0131yor.<\/p>\n<p> \u0130ngiliz bas\u0131n\u0131nda yer alan habere nazaran, Ruben Amorim&#8217;in grubu, yaz transfer periyodunda 10 futbolcusuyla yollar\u0131n\u0131 ay\u0131rmak istiyor.<\/p>\n<p> \u0130ngiliz bas\u0131n\u0131nda yer alan haberde, Manchester United&#8217;\u0131n veda edece\u011fi isimler ortas\u0131nda Altay Bay\u0131nd\u0131r&#8217;\u0131n ismine de yer verildi. Manchester United&#8217;\u0131n ulusal kaleci i\u00e7in bir al\u0131c\u0131 arayaca\u011f\u0131 \u00f6ne s\u00fcr\u00fcld\u00fc.<\/p>\n<p> Akt\u00fcel piyasa pahas\u0131 10 milyon euro olarak g\u00f6sterilen Altay Bay\u0131nd\u0131r&#8217;\u0131n Manchester United ile 2027 y\u0131l\u0131na kadar kontrat\u0131 bulunuyor.<\/p>\n<\/div>\n<p><\/p>\n","protected":false},"excerpt":{"rendered":"<p>Manchester United, yaz transfer periyodunda Altay Bay\u0131nd\u0131r ile vedala\u015fmak istiyor. \u0130\u015fte detaylar&#8230;<\/p>\n","protected":false},"author":1,"featured_media":34390,"comment_status":"open","ping_status":"open","sticky":false,"template":"","format":"standard","meta":{"footnotes":""},"categories":[25],"tags":[],"class_list":["post-34389","post","type-post","status-publish","format-standard","has-post-thumbnail","hentry","category-futbol"],"_links":{"self":[{"href":"https:\/\/haberbesiktas.tr\/index.php?rest_route=\/wp\/v2\/posts\/34389","targetHints":{"allow":["GET"]}}],"collection":[{"href":"https:\/\/haberbesiktas.tr\/index.php?rest_route=\/wp\/v2\/posts"}],"about":[{"href":"https:\/\/haberbesiktas.tr\/index.php?rest_route=\/wp\/v2\/types\/post"}],"author":[{"embeddable":true,"href":"https:\/\/haberbesiktas.tr\/index.php?rest_route=\/wp\/v2\/users\/1"}],"replies":[{"embeddable":true,"href":"https:\/\/haberbesiktas.tr\/index.php?rest_route=%2Fwp%2Fv2%2Fcomments&post=34389"}],"version-history":[{"count":1,"href":"https:\/\/haberbesiktas.tr\/index.php?rest_route=\/wp\/v2\/posts\/34389\/revisions"}],"predecessor-version":[{"id":34391,"href":"https:\/\/haberbesiktas.tr\/index.php?rest_route=\/wp\/v2\/posts\/34389\/revisions\/34391"}],"wp:featuredmedia":[{"embeddable":true,"href":"https:\/\/haberbesiktas.tr\/index.php?rest_route=\/wp\/v2\/media\/34390"}],"wp:attachment":[{"href":"https:\/\/haberbesiktas.tr\/index.php?rest_route=%2Fwp%2Fv2%2Fmedia&parent=34389"}],"wp:term":[{"taxonomy":"category","embeddable":true,"href":"https:\/\/haberbesiktas.tr\/index.php?rest_route=%2Fwp%2Fv2%2Fcategories&post=34389"},{"taxonomy":"post_tag","embeddable":true,"href":"https:\/\/haberbesiktas.tr\/index.php?rest_route=%2Fwp%2Fv2%2Ftags&post=34389"}],"curies":[{"name":"wp","href":"https:\/\/api.w.org\/{rel}","templated":true}]}}