{"id":34392,"date":"2025-05-25T21:48:17","date_gmt":"2025-05-25T21:48:17","guid":{"rendered":"https:\/\/haberbesiktas.tr\/?p=34392"},"modified":"2025-05-25T21:48:17","modified_gmt":"2025-05-25T21:48:17","slug":"karsiyakada-ahmet-caki-donemi","status":"publish","type":"post","link":"https:\/\/haberbesiktas.tr\/?p=34392","title":{"rendered":"Kar\u015f\u0131yaka&#8217;da Ahmet \u00c7ak\u0131 d\u00f6nemi"},"content":{"rendered":"<div>Basketbol \u00dcst\u00fcn Ligi&#8217;nde son 11 ma\u00e7\u0131n\u0131 kaybederek y\u0131llar sonra d\u00fc\u015fme korkusu ya\u015famaya ba\u015flayan Kar\u015f\u0131yaka, antren\u00f6rl\u00fck vazifesine Ahmet \u00c7ak\u0131&#8217;y\u0131 getirdi.<\/p>\n<p> Antren\u00f6rl\u00fck mesle\u011finde Anadolu Efes, Tofa\u015f, ALBA Berlin, Dar\u00fc\u015f\u015fafaka ve \u00c7a\u011fda\u015f Bodrumspor \u00fczere kul\u00fcplerde vazife yapan 50 ya\u015f\u0131ndaki Ahmet \u00c7ak\u0131 kalan 8 ma\u00e7ta ye\u015fil-k\u0131rm\u0131z\u0131l\u0131 kadronun d\u00fcmeninde olacak.<\/p>\n<p> D\u00f6neme Ufuk Sar\u0131ca idaresinde savl\u0131 bir tak\u0131mla ba\u015flayan lakin kul\u00fcpteki sponsor krizi nedeniyle ocak ay\u0131nda Sar\u0131ca ve 7 oyuncuyla yollar\u0131n\u0131 ay\u0131ran Kar\u015f\u0131yaka, evvel R\u00fc\u00e7han Tams\u00f6z, akabinde Sinan Aksoy&#8217;lar idaresinde ma\u00e7lara \u00e7\u0131km\u0131\u015ft\u0131. <\/p>\n<p>Kar\u015f\u0131yaka&#8217;da vize s\u00fcre\u00e7leri yeti\u015fmedi\u011fi i\u00e7in ge\u00e7en hafta T\u00fcrkiye&#8217;ye gelemeyen yeni transferlerden Nijerya as\u0131ll\u0131 uzun Suleiman Braimoh da \u00e7ar\u015famba g\u00fcn\u00fc gruba kat\u0131lacak.<\/p>\n<\/div>\n<p><\/p>\n","protected":false},"excerpt":{"rendered":"<p>Kar\u015f\u0131yaka, antren\u00f6rl\u00fck vazifesine Ahmet \u00c7ak\u0131&#8217;y\u0131 getirdi.<\/p>\n","protected":false},"author":1,"featured_media":34393,"comment_status":"open","ping_status":"open","sticky":false,"template":"","format":"standard","meta":{"footnotes":""},"categories":[10],"tags":[],"class_list":["post-34392","post","type-post","status-publish","format-standard","has-post-thumbnail","hentry","category-basketbol"],"_links":{"self":[{"href":"https:\/\/haberbesiktas.tr\/index.php?rest_route=\/wp\/v2\/posts\/34392","targetHints":{"allow":["GET"]}}],"collection":[{"href":"https:\/\/haberbesiktas.tr\/index.php?rest_route=\/wp\/v2\/posts"}],"about":[{"href":"https:\/\/haberbesiktas.tr\/index.php?rest_route=\/wp\/v2\/types\/post"}],"author":[{"embeddable":true,"href":"https:\/\/haberbesiktas.tr\/index.php?rest_route=\/wp\/v2\/users\/1"}],"replies":[{"embeddable":true,"href":"https:\/\/haberbesiktas.tr\/index.php?rest_route=%2Fwp%2Fv2%2Fcomments&post=34392"}],"version-history":[{"count":1,"href":"https:\/\/haberbesiktas.tr\/index.php?rest_route=\/wp\/v2\/posts\/34392\/revisions"}],"predecessor-version":[{"id":34394,"href":"https:\/\/haberbesiktas.tr\/index.php?rest_route=\/wp\/v2\/posts\/34392\/revisions\/34394"}],"wp:featuredmedia":[{"embeddable":true,"href":"https:\/\/haberbesiktas.tr\/index.php?rest_route=\/wp\/v2\/media\/34393"}],"wp:attachment":[{"href":"https:\/\/haberbesiktas.tr\/index.php?rest_route=%2Fwp%2Fv2%2Fmedia&parent=34392"}],"wp:term":[{"taxonomy":"category","embeddable":true,"href":"https:\/\/haberbesiktas.tr\/index.php?rest_route=%2Fwp%2Fv2%2Fcategories&post=34392"},{"taxonomy":"post_tag","embeddable":true,"href":"https:\/\/haberbesiktas.tr\/index.php?rest_route=%2Fwp%2Fv2%2Ftags&post=34392"}],"curies":[{"name":"wp","href":"https:\/\/api.w.org\/{rel}","templated":true}]}}