{"id":34398,"date":"2025-05-25T22:12:20","date_gmt":"2025-05-25T22:12:20","guid":{"rendered":"https:\/\/haberbesiktas.tr\/?p=34398"},"modified":"2025-05-25T22:12:20","modified_gmt":"2025-05-25T22:12:20","slug":"rangers-acikladi-omur-boyu-men","status":"publish","type":"post","link":"https:\/\/haberbesiktas.tr\/?p=34398","title":{"rendered":"Rangers a\u00e7\u0131klad\u0131: \u00d6m\u00fcr boyu men!"},"content":{"rendered":"<div>Rangers, Fenerbah\u00e7e ma\u00e7\u0131n\u0131n akabinde UEFA&#8217;n\u0131n a\u00e7t\u0131\u011f\u0131 soru\u015fturmayla ilgili bir a\u00e7\u0131klama yapt\u0131.<\/p>\n<p> \u0130sko\u00e7 grubu, Fenerbah\u00e7e ma\u00e7\u0131nda a\u00e7\u0131lan bir pankart\u0131n UEFA taraf\u0131ndan \u0131rk\u00e7\u0131 \/ ayr\u0131mc\u0131 olarak de\u011ferlendirildi\u011fini a\u00e7\u0131klad\u0131.<\/p>\n<p> Rangers, Fenerbah\u00e7e ma\u00e7\u0131nda ya\u015fanan \u0131rk\u00e7\u0131 ve\/veya ayr\u0131mc\u0131 tabirlerin iki y\u0131l i\u00e7erisinde bir ma\u00e7ta tekrarlanmas\u0131 durumunda trib\u00fcn kapatma cezas\u0131 alaca\u011f\u0131n\u0131 ve kelam konusu olay\u0131n tekrarlanmas\u0131 durumunda saha kapatma cezas\u0131 alaca\u011f\u0131n\u0131 duyurdu.<\/p>\n<p> \u0130sko\u00e7 temsilcisinden yap\u0131lan a\u00e7\u0131klamada, Fenerbah\u00e7e ma\u00e7\u0131nda kelam konusu \u0131rk\u00e7\u0131 pankart\u0131 a\u00e7an taraftarlar\u0131n tespit s\u00fcrecinin devam etti\u011fini ve kelam konusu taraftarlara \u00f6m\u00fcr uzunlu\u011fu men cezas\u0131 verilece\u011fi belirtildi.<\/p>\n<p> UEFA Avrupa Ligi son 16 tipinde Rangers ile Fenerbah\u00e7e ortas\u0131nda Ibrox&#8217;ta oynanan r\u00f6van\u015f ma\u00e7\u0131n\u0131 Fenerbah\u00e7e 2-0&#8217;l\u0131k skorla kazanm\u0131\u015ft\u0131. Birinci ma\u00e7taki 3-1&#8217;lik Rangers galibiyetinin akabinde uzatma ve penalt\u0131lara ge\u00e7ilmi\u015f, Rangers, Fenerbah\u00e7e&#8217;yi penalt\u0131larda elemi\u015fti.<\/p>\n<\/div>\n<p><\/p>\n","protected":false},"excerpt":{"rendered":"<p>Rangers, Fenerbah\u00e7e ma\u00e7\u0131nda \u0131rk\u00e7\u0131 pankart\u0131 a\u00e7an taraftarlara \u00f6m\u00fcr uzunlu\u011fu men cezas\u0131 verilece\u011fini a\u00e7\u0131klad\u0131.<\/p>\n","protected":false},"author":1,"featured_media":34399,"comment_status":"open","ping_status":"open","sticky":false,"template":"","format":"standard","meta":{"footnotes":""},"categories":[25],"tags":[115,1121],"class_list":["post-34398","post","type-post","status-publish","format-standard","has-post-thumbnail","hentry","category-futbol","tag-fenerbahce","tag-rangers"],"_links":{"self":[{"href":"https:\/\/haberbesiktas.tr\/index.php?rest_route=\/wp\/v2\/posts\/34398","targetHints":{"allow":["GET"]}}],"collection":[{"href":"https:\/\/haberbesiktas.tr\/index.php?rest_route=\/wp\/v2\/posts"}],"about":[{"href":"https:\/\/haberbesiktas.tr\/index.php?rest_route=\/wp\/v2\/types\/post"}],"author":[{"embeddable":true,"href":"https:\/\/haberbesiktas.tr\/index.php?rest_route=\/wp\/v2\/users\/1"}],"replies":[{"embeddable":true,"href":"https:\/\/haberbesiktas.tr\/index.php?rest_route=%2Fwp%2Fv2%2Fcomments&post=34398"}],"version-history":[{"count":1,"href":"https:\/\/haberbesiktas.tr\/index.php?rest_route=\/wp\/v2\/posts\/34398\/revisions"}],"predecessor-version":[{"id":34400,"href":"https:\/\/haberbesiktas.tr\/index.php?rest_route=\/wp\/v2\/posts\/34398\/revisions\/34400"}],"wp:featuredmedia":[{"embeddable":true,"href":"https:\/\/haberbesiktas.tr\/index.php?rest_route=\/wp\/v2\/media\/34399"}],"wp:attachment":[{"href":"https:\/\/haberbesiktas.tr\/index.php?rest_route=%2Fwp%2Fv2%2Fmedia&parent=34398"}],"wp:term":[{"taxonomy":"category","embeddable":true,"href":"https:\/\/haberbesiktas.tr\/index.php?rest_route=%2Fwp%2Fv2%2Fcategories&post=34398"},{"taxonomy":"post_tag","embeddable":true,"href":"https:\/\/haberbesiktas.tr\/index.php?rest_route=%2Fwp%2Fv2%2Ftags&post=34398"}],"curies":[{"name":"wp","href":"https:\/\/api.w.org\/{rel}","templated":true}]}}