{"id":34405,"date":"2025-05-25T22:36:23","date_gmt":"2025-05-25T22:36:23","guid":{"rendered":"https:\/\/haberbesiktas.tr\/?p=34405"},"modified":"2025-05-25T22:36:23","modified_gmt":"2025-05-25T22:36:23","slug":"sorloth-atleticoda-cok-rahatim","status":"publish","type":"post","link":"https:\/\/haberbesiktas.tr\/?p=34405","title":{"rendered":"S\u00f6rloth: &#8220;Atletico&#8217;da \u00e7ok rahat\u0131m&#8221;"},"content":{"rendered":"<div>Atletico Madrid formas\u0131 giyen Alexander S\u00f6rloth, a\u00e7\u0131klamalarda bulundu.<\/p>\n<p> Atletico Madrid&#8217;e transferinden bu yana ge\u00e7en m\u00fcddet sorulan Norve\u00e7li futbolcu, <strong>&#8220;Ba\u015flang\u0131\u00e7ta zordu. Ge\u00e7en d\u00f6nem her ma\u00e7ta oynad\u0131m. Bu d\u00f6nem ise yedek kul\u00fcbesinde kal\u0131yorum. Buna al\u0131\u015fmam biraz vakit ald\u0131. Lakin art\u0131k kendimi \u00e7ok rahat hissediyorum. G\u00fczel bir yedek oyuncu olmak futboldaki en s\u0131k\u0131nt\u0131 \u015feylerden biri. Mesle\u011fimin ba\u015flar\u0131nda bu niyet benim i\u00e7in zordu. Birinci 11&#8217;de ba\u015flamama m\u00fcsaade verilmedi\u011fi i\u00e7in \u00e7ok \u00f6fkeliydim. Yedek kul\u00fcbesinde oldu\u011fumda hislerime \u00e7ok kap\u0131l\u0131yordum ve oynamam gerekti\u011fini d\u00fc\u015f\u00fcn\u00fcyordum. Art\u0131k ise b\u00fcsb\u00fct\u00fcn odaklanm\u0131\u015f durumday\u0131m. \u015eampiyonluk i\u00e7in yar\u0131\u015fan bir ekipte oynuyorum, bu y\u00fczden zihinsel olarak her vakit haz\u0131r olmal\u0131y\u0131m. Alana her \u00e7\u0131kt\u0131\u011f\u0131mda bir tehdit yaratmal\u0131y\u0131m.&#8221;<\/strong> dedi.<\/p>\n<p> A\u00e7\u0131klamalar\u0131na devam eden golc\u00fc futbolcu, <strong>&#8220;Atletico Madrid&#8217;deki d\u00f6nemim genel olarak \u00e7ok g\u00fczel ge\u00e7iyor. Sonu\u00e7lar a\u00e7\u0131s\u0131ndan ba\u015flang\u0131\u00e7ta istedi\u011fimiz sonu\u00e7lar\u0131 alamad\u0131k lakin ekim-kas\u0131m aylar\u0131ndan itibaren sistemi sa\u011flad\u0131k ve hala \u015fampiyonluk yar\u0131\u015f\u0131nday\u0131z.&#8221;<\/strong> kelamlar\u0131n\u0131 sarf etti.<\/p>\n<p><strong>&#8220;\u00c7OK \u00c7ABUK ALI\u015eTIM&#8221;<\/strong><\/p>\n<p> Madrid kentine de ahenk sa\u011flad\u0131\u011f\u0131n\u0131 s\u00f6yleyen S\u00f6rloth, <strong>&#8220;Madrid&#8217;e \u00e7ok \u00e7abuk al\u0131\u015ft\u0131m. Madrid, her vakit \u0130spanya&#8217;da en sevdi\u011fim kent oldu. San Sebastian ve Valencia&#8217;da ya\u015farken de s\u0131k s\u0131k Madrid&#8217;e gelirdim. B\u00fcy\u00fck kent hayat\u0131n\u0131 seviyorum. Madrid&#8217;de her \u015fey var. Bilhassa restoranlar\u0131 \u00e7ok seviyorum.&#8221;<\/strong> diye konu\u015ftu.<\/p>\n<p> Atletico Madrid&#8217;de bu d\u00f6nem 39 ma\u00e7ta alana \u00e7\u0131kan S\u00f6rloth, 15 sefer gol sevinci ya\u015fad\u0131.<\/p>\n<\/div>\n<p><\/p>\n","protected":false},"excerpt":{"rendered":"<p>Atletico Madrid formas\u0131 giyen Alexander S\u00f6rloth, \u0130spanyol tak\u0131m\u0131na imza att\u0131\u011f\u0131 g\u00fcnden bu yana ya\u015fanan s\u00fcreci anlatt\u0131. S\u00f6rloth, al\u0131\u015fma s\u00fcrecinin g\u00fc\u00e7 oldu\u011funu lakin \u015fu anda Atletico Madrid&#8217;de \u00e7ok rahat hissetti\u011fini s\u00f6yledi.<\/p>\n","protected":false},"author":1,"featured_media":34406,"comment_status":"open","ping_status":"open","sticky":false,"template":"","format":"standard","meta":{"footnotes":""},"categories":[25],"tags":[1086],"class_list":["post-34405","post","type-post","status-publish","format-standard","has-post-thumbnail","hentry","category-futbol","tag-madrid"],"_links":{"self":[{"href":"https:\/\/haberbesiktas.tr\/index.php?rest_route=\/wp\/v2\/posts\/34405","targetHints":{"allow":["GET"]}}],"collection":[{"href":"https:\/\/haberbesiktas.tr\/index.php?rest_route=\/wp\/v2\/posts"}],"about":[{"href":"https:\/\/haberbesiktas.tr\/index.php?rest_route=\/wp\/v2\/types\/post"}],"author":[{"embeddable":true,"href":"https:\/\/haberbesiktas.tr\/index.php?rest_route=\/wp\/v2\/users\/1"}],"replies":[{"embeddable":true,"href":"https:\/\/haberbesiktas.tr\/index.php?rest_route=%2Fwp%2Fv2%2Fcomments&post=34405"}],"version-history":[{"count":1,"href":"https:\/\/haberbesiktas.tr\/index.php?rest_route=\/wp\/v2\/posts\/34405\/revisions"}],"predecessor-version":[{"id":34407,"href":"https:\/\/haberbesiktas.tr\/index.php?rest_route=\/wp\/v2\/posts\/34405\/revisions\/34407"}],"wp:featuredmedia":[{"embeddable":true,"href":"https:\/\/haberbesiktas.tr\/index.php?rest_route=\/wp\/v2\/media\/34406"}],"wp:attachment":[{"href":"https:\/\/haberbesiktas.tr\/index.php?rest_route=%2Fwp%2Fv2%2Fmedia&parent=34405"}],"wp:term":[{"taxonomy":"category","embeddable":true,"href":"https:\/\/haberbesiktas.tr\/index.php?rest_route=%2Fwp%2Fv2%2Fcategories&post=34405"},{"taxonomy":"post_tag","embeddable":true,"href":"https:\/\/haberbesiktas.tr\/index.php?rest_route=%2Fwp%2Fv2%2Ftags&post=34405"}],"curies":[{"name":"wp","href":"https:\/\/api.w.org\/{rel}","templated":true}]}}