{"id":34408,"date":"2025-05-25T22:48:15","date_gmt":"2025-05-25T22:48:15","guid":{"rendered":"https:\/\/haberbesiktas.tr\/?p=34408"},"modified":"2025-05-25T22:48:15","modified_gmt":"2025-05-25T22:48:15","slug":"canli-fenerbahce-beko-paris","status":"publish","type":"post","link":"https:\/\/haberbesiktas.tr\/?p=34408","title":{"rendered":"CANLI: Fenerbah\u00e7e Beko &#8211; Paris"},"content":{"rendered":"<div>\n<p>Fenerbah\u00e7e Beko Erkek Basketbol Ekibi, THY Euroleague&#8217;nin 31. haftas\u0131nda Fransa&#8217;n\u0131n Paris Basketbol tak\u0131m\u0131n\u0131 a\u011f\u0131rl\u0131yor.\u00a0<\/p>\n<p><span><strong>CANLI: 1. \u00c7EYREK<\/strong><\/span><\/p>\n<p><span><strong>FENERBAH\u00c7E: 0<\/strong><\/span><br \/><span><strong>PARIS: 0<\/strong><\/span><\/p>\n<p><span><strong>SAYFA DA\u0130MA G\u00dcNCELLENMEKTED\u0130R, TIKLAYINIZ<\/strong><\/span><\/p>\n<\/div>\n<p><\/p>\n","protected":false},"excerpt":{"rendered":"<p>Fenerbah\u00e7e Beko, THY EuroLeague&#8217;de Paris Basketbol&#8217;u a\u011f\u0131rl\u0131yor.<\/p>\n","protected":false},"author":1,"featured_media":34409,"comment_status":"open","ping_status":"open","sticky":false,"template":"","format":"standard","meta":{"footnotes":""},"categories":[10],"tags":[],"class_list":["post-34408","post","type-post","status-publish","format-standard","has-post-thumbnail","hentry","category-basketbol"],"_links":{"self":[{"href":"https:\/\/haberbesiktas.tr\/index.php?rest_route=\/wp\/v2\/posts\/34408","targetHints":{"allow":["GET"]}}],"collection":[{"href":"https:\/\/haberbesiktas.tr\/index.php?rest_route=\/wp\/v2\/posts"}],"about":[{"href":"https:\/\/haberbesiktas.tr\/index.php?rest_route=\/wp\/v2\/types\/post"}],"author":[{"embeddable":true,"href":"https:\/\/haberbesiktas.tr\/index.php?rest_route=\/wp\/v2\/users\/1"}],"replies":[{"embeddable":true,"href":"https:\/\/haberbesiktas.tr\/index.php?rest_route=%2Fwp%2Fv2%2Fcomments&post=34408"}],"version-history":[{"count":1,"href":"https:\/\/haberbesiktas.tr\/index.php?rest_route=\/wp\/v2\/posts\/34408\/revisions"}],"predecessor-version":[{"id":34410,"href":"https:\/\/haberbesiktas.tr\/index.php?rest_route=\/wp\/v2\/posts\/34408\/revisions\/34410"}],"wp:featuredmedia":[{"embeddable":true,"href":"https:\/\/haberbesiktas.tr\/index.php?rest_route=\/wp\/v2\/media\/34409"}],"wp:attachment":[{"href":"https:\/\/haberbesiktas.tr\/index.php?rest_route=%2Fwp%2Fv2%2Fmedia&parent=34408"}],"wp:term":[{"taxonomy":"category","embeddable":true,"href":"https:\/\/haberbesiktas.tr\/index.php?rest_route=%2Fwp%2Fv2%2Fcategories&post=34408"},{"taxonomy":"post_tag","embeddable":true,"href":"https:\/\/haberbesiktas.tr\/index.php?rest_route=%2Fwp%2Fv2%2Ftags&post=34408"}],"curies":[{"name":"wp","href":"https:\/\/api.w.org\/{rel}","templated":true}]}}