{"id":34417,"date":"2025-05-25T23:24:12","date_gmt":"2025-05-25T23:24:12","guid":{"rendered":"https:\/\/haberbesiktas.tr\/?p=34417"},"modified":"2025-05-25T23:24:12","modified_gmt":"2025-05-25T23:24:12","slug":"judoda-7-madalya-birden","status":"publish","type":"post","link":"https:\/\/haberbesiktas.tr\/?p=34417","title":{"rendered":"Judoda 7 madalya birden"},"content":{"rendered":"<p>Ulusal para judocular, IBSA Tiflis Judo D\u00fcnya Kupas\u0131&#8217;nda 7 madalya elde etti.<\/p>\n<p> T\u00fcrkiye Judo Federasyonunun a\u00e7\u0131klamas\u0131na nazaran G\u00fcrcistan&#8217;\u0131n ba\u015f\u015fehri Tiflis&#8217;te d\u00fczenlenen tertip sona erdi.<\/p>\n<p> Erkekler J1 -81 kilo kategorisinde G\u00f6k\u00e7e Yavuz, erkekler J1 -95 kilo kategorisinde Yasin \u00c7imciler, bayanlar J2 -70 kilo kategorisinde His \u00c7ete Artar, g\u00fcm\u00fc\u015f madalya kazand\u0131.<\/p>\n<p> Bayanlar J1 -52 kilo kategorisinde Ecem \u00c7avdar Ta\u015f\u0131n, bayanlar J2 -60 kilo kategorisinde G\u00fclhan Atasayar ve D\u00f6nd\u00fc Ye\u015filyurt, bayanlar J1 -70 kilo kategorisinde yar\u0131\u015fan Esmer Ta\u015fk\u0131n ise bronz madalya elde etti.<\/p>\n","protected":false},"excerpt":{"rendered":"<p>Ulusal para judocular, G\u00fcrcistan&#8217;da 7 madalya kazand\u0131.<\/p>\n","protected":false},"author":1,"featured_media":34418,"comment_status":"open","ping_status":"open","sticky":false,"template":"","format":"standard","meta":{"footnotes":""},"categories":[27],"tags":[],"class_list":["post-34417","post","type-post","status-publish","format-standard","has-post-thumbnail","hentry","category-guncel-haberler"],"_links":{"self":[{"href":"https:\/\/haberbesiktas.tr\/index.php?rest_route=\/wp\/v2\/posts\/34417","targetHints":{"allow":["GET"]}}],"collection":[{"href":"https:\/\/haberbesiktas.tr\/index.php?rest_route=\/wp\/v2\/posts"}],"about":[{"href":"https:\/\/haberbesiktas.tr\/index.php?rest_route=\/wp\/v2\/types\/post"}],"author":[{"embeddable":true,"href":"https:\/\/haberbesiktas.tr\/index.php?rest_route=\/wp\/v2\/users\/1"}],"replies":[{"embeddable":true,"href":"https:\/\/haberbesiktas.tr\/index.php?rest_route=%2Fwp%2Fv2%2Fcomments&post=34417"}],"version-history":[{"count":1,"href":"https:\/\/haberbesiktas.tr\/index.php?rest_route=\/wp\/v2\/posts\/34417\/revisions"}],"predecessor-version":[{"id":34419,"href":"https:\/\/haberbesiktas.tr\/index.php?rest_route=\/wp\/v2\/posts\/34417\/revisions\/34419"}],"wp:featuredmedia":[{"embeddable":true,"href":"https:\/\/haberbesiktas.tr\/index.php?rest_route=\/wp\/v2\/media\/34418"}],"wp:attachment":[{"href":"https:\/\/haberbesiktas.tr\/index.php?rest_route=%2Fwp%2Fv2%2Fmedia&parent=34417"}],"wp:term":[{"taxonomy":"category","embeddable":true,"href":"https:\/\/haberbesiktas.tr\/index.php?rest_route=%2Fwp%2Fv2%2Fcategories&post=34417"},{"taxonomy":"post_tag","embeddable":true,"href":"https:\/\/haberbesiktas.tr\/index.php?rest_route=%2Fwp%2Fv2%2Ftags&post=34417"}],"curies":[{"name":"wp","href":"https:\/\/api.w.org\/{rel}","templated":true}]}}