{"id":3443,"date":"2025-01-14T01:12:33","date_gmt":"2025-01-14T01:12:33","guid":{"rendered":"https:\/\/haberbesiktas.tr\/?p=3443"},"modified":"2025-01-14T01:12:33","modified_gmt":"2025-01-14T01:12:33","slug":"yusuf-dikec-ve-sevval-ilayda-tarhanin-favori-karesi","status":"publish","type":"post","link":"https:\/\/haberbesiktas.tr\/?p=3443","title":{"rendered":"Yusuf Dike\u00e7 ve \u015eevval \u0130layda Tarhan&#8217;\u0131n favori karesi"},"content":{"rendered":"<p>\u00a0T\u00fcrkiye&#8217;ye at\u0131c\u0131l\u0131k bran\u015f\u0131nda birinci olimpiyat madalyas\u0131n\u0131 kazand\u0131ran Yusuf Dike\u00e7 ve \u015eevval \u0130layda Tarhan, Anadolu Ajans\u0131n\u0131n (AA) g\u00f6z\u00fcnden 2024&#8217;e damga vuran olaylara ili\u015fkin ve ya\u015fama dair foto\u011fraflar\u0131n yer ald\u0131\u011f\u0131 &#8220;Y\u0131l\u0131n Kareleri&#8221; oylamas\u0131na kat\u0131ld\u0131.<\/p>\n<p> Ulusal at\u0131c\u0131lar, AA muhabirleri ve foto muhabirlerinin yurt i\u00e7inde ve d\u0131\u015f\u0131nda 2024 y\u0131l\u0131 boyunca \u00e7ekti\u011fi, &#8220;Roketsan, Turkcell Lifebox ve Sony&#8221; katk\u0131lar\u0131yla haz\u0131rlanan &#8220;Haber&#8221;, &#8220;Do\u011fal Hayat ve \u00c7evre&#8221;, &#8220;Spor&#8221;, &#8220;G\u00fcnl\u00fck Hayat&#8221; ile bu y\u0131la \u00f6zel eklenen &#8220;\u00d6zg\u00fcr Suriye&#8221; kategorilerindeki foto\u011fraflar\u0131 inceledi.<\/p>\n<p> Paris 2024 Olimpiyat Oyunlar\u0131&#8217;nda g\u00fcm\u00fc\u015f madalya alan Yusuf Dike\u00e7 ve \u015eevval \u0130layda Tarhan, 5 kategoride ortak tercih yapt\u0131.<\/p>\n<p> &#8220;Haber&#8221; kategorisinde Mostafa Alkharouf&#8217;un &#8220;Habercilik ayaklar alt\u0131nda&#8221; ba\u015fl\u0131kl\u0131 foto\u011fraf\u0131n\u0131 se\u00e7en ulusal sportmenler, &#8220;G\u00fcnl\u00fck Hayat&#8221; kategorisinde Cem Tekke\u015fino\u011flu&#8217;nun &#8220;Pamuk \u015fekerci&#8221;, &#8220;Do\u011fal \u00d6m\u00fcr ve \u00c7evre&#8221; kategorisinde \u0130simsiz G\u00fcnebakan&#8217;\u0131n &#8220;Armut pi\u015f&#8221;, &#8220;\u00d6zg\u00fcr Suriye&#8221; kategorisinde ise Emin Sansar&#8217;\u0131n &#8220;Halk, bayrak, \u00f6zg\u00fcrl\u00fck&#8221; ba\u015fl\u0131kl\u0131 foto\u011fraf\u0131na oy verdi.<\/p>\n<p> <strong>&#8211; Tercihleri &#8220;Yusuf Dike\u00e7 pozu&#8221; oldu<\/strong><\/p>\n<p> \u0130kili, &#8220;Spor&#8221; kategorisinde tercihini, Armand Duplantis&#8217;in olimpiyat rekoru k\u0131rd\u0131ktan sonra &#8220;Yusuf Dike\u00e7 pozu&#8221; verdi\u011fi, Mustafa \u00c7ift\u00e7i&#8217;ye ili\u015fkin &#8220;Olimpiyat pozu&#8221; ba\u015fl\u0131kl\u0131 foto\u011fraftan yana yapt\u0131.<\/p>\n<p> \u015eevval \u0130layda Tarhan, &#8220;Olimpiyat pozu&#8221; i\u00e7in &#8220;En haval\u0131 foto\u011fraf bu.&#8221; diyen Yusuf Dike\u00e7&#8217;e, &#8220;Senin hareketini yapt\u0131\u011f\u0131 i\u00e7in mi?&#8221; diyerek tak\u0131ld\u0131.<\/p>\n<p> Lens, g\u00f6z kapa\u011f\u0131 ve kulak muhafazas\u0131 \u00fczere yard\u0131mc\u0131 te\u00e7hizat kullanmadan bir eli cebinde at\u0131\u015flar\u0131n\u0131 yapan Yusuf Dike\u00e7&#8217;in stili, olimpiyatlarda d\u00fcnya \u00e7ap\u0131nda ilgi g\u00f6rm\u00fc\u015ft\u00fc.<\/p>\n<p> Toplumsal medyada viral olan &#8220;Yusuf Dike\u00e7 pozu&#8221;, farkl\u0131 bran\u015flardaki atletler i\u00e7in de sevin\u00e7 g\u00f6sterisi haline gelmi\u015fti.<\/p>\n<p><img decoding=\"async\" src=\"https:\/\/haberbesiktas.tr\/wp-content\/uploads\/2025\/01\/yusuf-dikec-ve-sevval-ilayda-tarhanin-favori-karesi-0-NJ45PlIK.jpg\"\/><\/p>\n<p> <strong>&#8211; Dike\u00e7: &#8220;Spor da sanat \u00fczere evrensel&#8221;<\/strong><\/p>\n<p> Ulusal atletler, foto\u011fraflar\u0131 genel olarak \u00e7ok be\u011fendiklerini ve se\u00e7im yaparken karar vermekte zorland\u0131klar\u0131n\u0131 s\u00f6yledi.<\/p>\n<p> &#8220;Bakt\u0131\u011f\u0131m\u0131z vakit inan\u0131lmaz foto\u011fraflar. Sahiden foto\u011fraflar\u0131n hepsi \u00e7ok ho\u015f.&#8221; diyen Dike\u00e7, &#8220;ikonik&#8221; pozunun olimpiyatlara damga vurmas\u0131yla ilgili &#8220;Sonu\u00e7ta spor da sanat, m\u00fczik \u00fczere \u00fcniversaldir. Bunun kabul g\u00f6rmesi, hem kendim hem de \u00fclkem ismine bizi ayr\u0131yeten keyifli etti.&#8221; tabirlerini kulland\u0131.<\/p>\n<p> At\u0131\u015flar\u0131n\u0131 bir eli cebinde yapan Dike\u00e7, &#8220;Bunu bedenimizi stabil, istikrarda tutabilmek i\u00e7in yap\u0131yoruz. Ba\u015fka bir manas\u0131 yok. &#8221; dedi.<\/p>\n<p> Tarhan ise foto\u011fraflara ait &#8220;Genel olarak \u00e7ok be\u011fendik. Yusuf a\u011fabeyin de bahsetti\u011fi \u00fczere bu mevzuda uzman olmad\u0131\u011f\u0131m\u0131z i\u00e7in onlar\u0131n bak\u0131\u015f a\u00e7\u0131s\u0131yla bakam\u0131yoruz. Tahminen \u00e7ok daha farkl\u0131 yorumlar yap\u0131l\u0131yor lakin bize nazaran fark\u0131ndal\u0131k yaratmak istenilen bir\u00e7ok foto\u011fraf vard\u0131. Hepsi birbirinden ho\u015ftu. Biz yaln\u0131zca kendimizce g\u00f6ze hitap edenleri tercih ettik. Bir\u00e7oklar\u0131nda tercih yapmakta zorland\u0131k.&#8221; de\u011ferlendirmesinde bulundu.<\/p>\n","protected":false},"excerpt":{"rendered":"<p>Ulusal at\u0131c\u0131lar Yusuf Dike\u00e7 ve \u015eevval \u0130layda Tarhan, AA&#8217;n\u0131n &#8220;Y\u0131l\u0131n Kareleri&#8221; oylamas\u0131na kat\u0131ld\u0131.<\/p>\n","protected":false},"author":1,"featured_media":3444,"comment_status":"open","ping_status":"open","sticky":false,"template":"","format":"standard","meta":{"footnotes":""},"categories":[27],"tags":[206,465,472,65,471],"class_list":["post-3443","post","type-post","status-publish","format-standard","has-post-thumbnail","hentry","category-guncel-haberler","tag-foto","tag-olimpiyat","tag-pozu","tag-spor","tag-yusuf-dikec"],"_links":{"self":[{"href":"https:\/\/haberbesiktas.tr\/index.php?rest_route=\/wp\/v2\/posts\/3443","targetHints":{"allow":["GET"]}}],"collection":[{"href":"https:\/\/haberbesiktas.tr\/index.php?rest_route=\/wp\/v2\/posts"}],"about":[{"href":"https:\/\/haberbesiktas.tr\/index.php?rest_route=\/wp\/v2\/types\/post"}],"author":[{"embeddable":true,"href":"https:\/\/haberbesiktas.tr\/index.php?rest_route=\/wp\/v2\/users\/1"}],"replies":[{"embeddable":true,"href":"https:\/\/haberbesiktas.tr\/index.php?rest_route=%2Fwp%2Fv2%2Fcomments&post=3443"}],"version-history":[{"count":1,"href":"https:\/\/haberbesiktas.tr\/index.php?rest_route=\/wp\/v2\/posts\/3443\/revisions"}],"predecessor-version":[{"id":3446,"href":"https:\/\/haberbesiktas.tr\/index.php?rest_route=\/wp\/v2\/posts\/3443\/revisions\/3446"}],"wp:featuredmedia":[{"embeddable":true,"href":"https:\/\/haberbesiktas.tr\/index.php?rest_route=\/wp\/v2\/media\/3444"}],"wp:attachment":[{"href":"https:\/\/haberbesiktas.tr\/index.php?rest_route=%2Fwp%2Fv2%2Fmedia&parent=3443"}],"wp:term":[{"taxonomy":"category","embeddable":true,"href":"https:\/\/haberbesiktas.tr\/index.php?rest_route=%2Fwp%2Fv2%2Fcategories&post=3443"},{"taxonomy":"post_tag","embeddable":true,"href":"https:\/\/haberbesiktas.tr\/index.php?rest_route=%2Fwp%2Fv2%2Ftags&post=3443"}],"curies":[{"name":"wp","href":"https:\/\/api.w.org\/{rel}","templated":true}]}}